{"id":31905,"date":"2022-10-10T14:09:01","date_gmt":"2022-10-10T12:09:01","guid":{"rendered":"https:\/\/www.piccini1882.it\/haus-piccini-die-italienische-weinfamilie-feiert-dieses-jahr-140-kerzen\/"},"modified":"2022-10-10T14:09:01","modified_gmt":"2022-10-10T12:09:01","slug":"haus-piccini-die-italienische-weinfamilie-feiert-dieses-jahr-140-kerzen","status":"publish","type":"post","link":"https:\/\/www.piccini1882.it\/de\/blog\/2022\/10\/10\/haus-piccini-die-italienische-weinfamilie-feiert-dieses-jahr-140-kerzen\/","title":{"rendered":"Haus Piccini: Die italienische Weinfamilie feiert dieses Jahr 140 Kerzen"},"content":{"rendered":"<div class=\"flex-1 grow basis-auto overflow-hidden @container\/thread\">\n<div class=\"relative h-full\">\n<div class=\"flex h-full flex-col overflow-y-auto [scrollbar-gutter:stable]\">\n<div class=\"flex flex-col text-sm md:pb-9\">\n<article class=\"w-full text-token-text-primary focus-visible:outline-2 focus-visible:outline-offset-[-4px]\" dir=\"auto\" data-testid=\"conversation-turn-3\" data-scroll-anchor=\"true\">\n<div class=\"text-base my-auto mx-auto py-[18px] px-6\">\n<div class=\"mx-auto flex flex-1 text-base gap-4 md:gap-5 lg:gap-6 md:max-w-3xl lg:max-w-[40rem] xl:max-w-[48rem]\">\n<div class=\"group\/conversation-turn relative flex w-full min-w-0 flex-col agent-turn @xs\/thread:px-0 @sm\/thread:px-1.5 @md\/thread:px-4\">\n<div class=\"flex-col gap-1 md:gap-3\">\n<div class=\"flex max-w-full flex-col flex-grow\">\n<div class=\"min-h-8 text-message relative flex w-full flex-col items-end gap-2 whitespace-normal break-words text-start [.text-message+&amp;]:mt-5\" dir=\"auto\" data-message-author-role=\"assistant\" data-message-id=\"7a435d52-a102-42b3-985c-a34fe3e1e2d8\" data-message-model-slug=\"gpt-4o-mini\">\n<div class=\"flex w-full flex-col gap-1 empty:hidden first:pt-[3px]\">\n<div class=\"markdown prose w-full break-words dark:prose-invert dark\">\n<div class=\"flex max-w-full flex-col flex-grow\">\n<div class=\"min-h-8 text-message relative flex w-full flex-col items-end gap-2 whitespace-normal break-words text-start [.text-message+&amp;]:mt-5\" dir=\"auto\" data-message-author-role=\"assistant\" data-message-id=\"d6422778-3c22-4ce8-b823-57db13510d3a\" data-message-model-slug=\"gpt-4o-mini\">\n<div class=\"flex w-full flex-col gap-1 empty:hidden first:pt-[3px]\">\n<div class=\"markdown prose w-full break-words dark:prose-invert dark\">\n<div class=\"flex max-w-full flex-col flex-grow\">\n<div class=\"min-h-8 text-message relative flex w-full flex-col items-end gap-2 whitespace-normal break-words text-start [.text-message+&amp;]:mt-5\" dir=\"auto\" data-message-author-role=\"assistant\" data-message-id=\"4d2f3bfd-f19f-463e-aa29-e37ca09a2d70\" data-message-model-slug=\"gpt-4o-mini\">\n<div class=\"flex w-full flex-col gap-1 empty:hidden first:pt-[3px]\">\n<div class=\"markdown prose w-full break-words dark:prose-invert dark\">\n<div class=\"flex max-w-full flex-col flex-grow\">\n<div class=\"min-h-8 text-message relative flex w-full flex-col items-end gap-2 whitespace-normal break-words text-start [.text-message+&amp;]:mt-5\" dir=\"auto\" data-message-author-role=\"assistant\" data-message-id=\"7a6021b4-fd42-4ac2-999d-0d6d6d93e206\" data-message-model-slug=\"gpt-4o\">\n<div class=\"flex w-full flex-col gap-1 empty:hidden first:pt-[3px]\">\n<div class=\"markdown prose w-full break-words dark:prose-invert dark\">\n<p>In diesem Jahr bl\u00e4st die italienische Weinfamilie 140 Kerzen aus. Mario und Elisa Piccini erz\u00e4hlen ungefiltert aus fast eineinhalb Jahrhunderten Geschichte.<\/p>\n<p>&#8220;Es ist eine gro\u00dfe Genugtuung, hier auf den 140. Jahrestag unserer Geschichte anzusto\u00dfen&#8221;, kommentiert Mario Piccini mit einem strahlenden L\u00e4cheln, &#8220;und doch ist unsere Familie fernab des Rampenlichts nach wie vor eine lockere Truppe von Kindern und Enkeln, die zwischen einem Schmunzeln und einem Lachen nie die Begeisterung f\u00fcr die Einfachheit verloren haben.<\/p>\n<p>Wir sind eine echte Familie&#8221;, f\u00fcgt Elisa hinzu und tauscht mit ihrem Bruder Mario einen verst\u00e4ndnisvollen Blick aus, &#8220;der Erfolg hat uns kein bisschen ver\u00e4ndert. Wir sind immer noch diejenigen, die sich jeden Sonntag an einem langen Tisch treffen: ein bisschen ruppig und ein bisschen st\u00fcmperhaft, aber immer bereit, in der Not zu helfen. Die typische italienische Familie&#8221;.<\/p>\n<p>Vertraute Erinnerungen jagen sich gegenseitig und drehen die Zeiger der Uhr zur\u00fcck in die Kindheit.<\/p>\n<p>Wir waren als Kinder ein bisschen ungezogen&#8221;, sagt Elisa am\u00fcsiert.<\/p>\n<p>&#8220;Sie viel mehr&#8221;, platzt Mario kichernd heraus, &#8220;aber Sie waren Papas M\u00e4dchen.<\/p>\n<p>Bei der Erinnerung an seinen Vater erhellt sich Marios Blick mit Z\u00e4rtlichkeit: &#8220;Er war ein gro\u00dfer Mann, der mit einem Blick zuschlagen konnte, aber auch zu unendlicher Sanftheit f\u00e4hig war. Im Laufe der Jahre hat er versucht, uns sein ganzes Wissen \u00fcber Wein zu vermitteln, und wir sch\u00e4tzen seine Lehren jeden Tag aufs Neue&#8221;.<\/p>\n<p>&#8220;Zum Gl\u00fcck wurde uns die &#8216;Lehre&#8217; in die Wiege gelegt&#8221;, erinnert sich Elisa, &#8220;wir wurden buchst\u00e4blich in den Wein geboren!&#8221;<\/p>\n<p>Von unserer Terrasse aus&#8221;, erinnert sich Mario, &#8220;konnten wir fast in das Lagerhaus eintauchen, aus dem sich die Kellert\u00fcren \u00f6ffneten. Wir wuchsen umgeben von diesem Konzert der D\u00fcfte auf. Wir k\u00f6nnen sagen, dass der Wein unsere zweite Haut ist, ein Freund der Familie, der uns hat aufwachsen sehen&#8221;.<\/p>\n<p>Im Haushalt der Piccinis ist der Wein allgegenw\u00e4rtig. Vom Tisch bis zu den Familienfotos, die in jeder Ecke verstreut sind. Unter ihnen sticht das eines Herrn hervor, der im Stil des 19. Jahrhunderts gekleidet ist und stolz hinter zwei dicken Schnurrb\u00e4rten hervorschaut. Es ist Angiolo Piccini, der Gr\u00fcnder dieses Familienunternehmens in f\u00fcnfter Generation. Die Geschichte von Angiolo ist eine seltsame Geschichte. Seit jeher hatte sich seine Familie der Kunst des Handels verschrieben, eine T\u00e4tigkeit, die eines Tages auch Angiolo zu bestimmen schien. Doch an einem Tag im Jahr 1882, im Alter von gerade einmal 21 Jahren, gab der junge Mann seinem Schicksal einen Sto\u00df, indem er die Pl\u00e4ne aufgab, die seine Familie ihm auferlegt hatte, um seiner wahren Leidenschaft nachzugehen: der Welt des Weins. So begann das Abenteuer Piccini mit jenem mutigen und rebellischen Funken, der Angiolo dazu brachte, ein Weingut zu gr\u00fcnden und mit seiner Vergangenheit zu brechen.       <\/p>\n<p>Dies&#8221;, schlie\u00dft Mario, &#8220;ist zweifellos das wertvollste Erbe, das unsere Vorfahren an uns weitergegeben haben. Kurz und gut: Liebe. Liebe zu seiner Arbeit und zu seinem Land&#8221;.<\/p>\n<p>Angiolo hat etwas Au\u00dfergew\u00f6hnliches geschafft&#8221;, f\u00fcgt Elisa hinzu, &#8220;wir sind alle hier, dank des Mutes unseres Urgro\u00dfvaters und seines Wunsches, etwas zu wagen. Das zeigt uns, dass wir manchmal keine Angst haben m\u00fcssen, die Regeln zu brechen, wenn wir von Leidenschaft und den Ideen, an die wir glauben, angetrieben werden. Und es ist sch\u00f6n zu wissen, dass dieser Geist 140 Jahre sp\u00e4ter immer noch durch unsere Adern und die unserer jungen Leute flie\u00dft, die langsam das Handwerkszeug verfeinern.<\/p>\n<p>&#8220;Du hast Recht, Eli, in ihren Augen sehe ich das Feuer, das wir in ihrem Alter auch in uns hatten. Es ist wirklich aufregend, als Vater die Leidenschaft zu sp\u00fcren, die sie jeden Tag in ihre Arbeit stecken. Ich bin sicher, dass sie eines Tages unsere Fahne hochhalten k\u00f6nnen; bei ihnen ist die Zukunft von Piccini in sehr guten H\u00e4nden!&#8221;<\/p>\n<\/div>\n<\/div>\n<\/div>\n<\/div>\n<\/div>\n<\/div>\n<\/div>\n<\/div>\n<\/div>\n<\/div>\n<\/div>\n<\/div>\n<\/div>\n<\/div>\n<\/div>\n<\/div>\n<\/div>\n<\/div>\n<\/div>\n<\/div>\n<\/article>\n<\/div>\n<\/div>\n<\/div>\n<\/div>\n","protected":false},"excerpt":{"rendered":"<p>In diesem Jahr bl\u00e4st die italienische Weinfamilie 140 Kerzen aus. Mario und Elisa Piccini erz\u00e4hlen ungefiltert aus fast eineinhalb Jahrhunderten Geschichte. &#8220;Es ist eine gro\u00dfe Genugtuung, hier auf den 140. Jahrestag unserer Geschichte anzusto\u00dfen&#8221;, kommentiert Mario Piccini mit einem strahlenden L\u00e4cheln, &#8220;und doch ist unsere Familie fernab des Rampenlichts nach wie vor eine lockere Truppe [&hellip;]<\/p>\n","protected":false},"author":1,"featured_media":30400,"comment_status":"closed","ping_status":"closed","sticky":false,"template":"","format":"standard","meta":{"_acf_changed":false,"footnotes":""},"categories":[219,220],"tags":[],"class_list":["post-31905","post","type-post","status-publish","format-standard","has-post-thumbnail","hentry","category-blog-de","category-familie-piccini"],"acf":[],"_links":{"self":[{"href":"https:\/\/www.piccini1882.it\/de\/wp-json\/wp\/v2\/posts\/31905","targetHints":{"allow":["GET"]}}],"collection":[{"href":"https:\/\/www.piccini1882.it\/de\/wp-json\/wp\/v2\/posts"}],"about":[{"href":"https:\/\/www.piccini1882.it\/de\/wp-json\/wp\/v2\/types\/post"}],"author":[{"embeddable":true,"href":"https:\/\/www.piccini1882.it\/de\/wp-json\/wp\/v2\/users\/1"}],"replies":[{"embeddable":true,"href":"https:\/\/www.piccini1882.it\/de\/wp-json\/wp\/v2\/comments?post=31905"}],"version-history":[{"count":0,"href":"https:\/\/www.piccini1882.it\/de\/wp-json\/wp\/v2\/posts\/31905\/revisions"}],"wp:featuredmedia":[{"embeddable":true,"href":"https:\/\/www.piccini1882.it\/de\/wp-json\/wp\/v2\/media\/30400"}],"wp:attachment":[{"href":"https:\/\/www.piccini1882.it\/de\/wp-json\/wp\/v2\/media?parent=31905"}],"wp:term":[{"taxonomy":"category","embeddable":true,"href":"https:\/\/www.piccini1882.it\/de\/wp-json\/wp\/v2\/categories?post=31905"},{"taxonomy":"post_tag","embeddable":true,"href":"https:\/\/www.piccini1882.it\/de\/wp-json\/wp\/v2\/tags?post=31905"}],"curies":[{"name":"wp","href":"https:\/\/api.w.org\/{rel}","templated":true}]}}