{"id":31971,"date":"2020-06-23T11:32:01","date_gmt":"2020-06-23T09:32:01","guid":{"rendered":"https:\/\/www.piccini1882.it\/einigkeit-macht-stark-piccini-zur-unterstuetzung-von-gebrechlichkeit\/"},"modified":"2025-04-09T13:33:34","modified_gmt":"2025-04-09T11:33:34","slug":"einigkeit-macht-stark-piccini-zur-unterstuetzung-von-gebrechlichkeit","status":"publish","type":"post","link":"https:\/\/www.piccini1882.it\/de\/blog\/2020\/06\/23\/einigkeit-macht-stark-piccini-zur-unterstuetzung-von-gebrechlichkeit\/","title":{"rendered":"Einigkeit macht stark: Piccini zur Unterst\u00fctzung von Gebrechlichkeit"},"content":{"rendered":"\t\t<div data-elementor-type=\"wp-post\" data-elementor-id=\"31971\" class=\"elementor elementor-31971 elementor-29545\" data-elementor-post-type=\"post\">\n\t\t\t\t<div class=\"elementor-element elementor-element-551bc212 e-flex e-con-boxed e-con e-parent\" data-id=\"551bc212\" data-element_type=\"container\" data-settings=\"{&quot;jet_parallax_layout_list&quot;:[]}\">\n\t\t\t\t\t<div class=\"e-con-inner\">\n\t\t\t\t<div class=\"elementor-element elementor-element-7aec78c7 elementor-widget elementor-widget-text-editor\" data-id=\"7aec78c7\" data-element_type=\"widget\" data-widget_type=\"text-editor.default\">\n\t\t\t\t<div class=\"elementor-widget-container\">\n\t\t\t\t\t\t\t\t\t<strong><em>EINHEIT IST ST\u00c4RKE: TENUTE PICCINI UND DER HEILIGE TRINKER<br> GEMEINSAM ZUR UNTERST\u00dcTZUNG DER NEUEN SCHW\u00c4CHEN.  <\/em><\/strong>\t\t\t\t\t\t\t\t<\/div>\n\t\t\t\t<\/div>\n\t\t\t\t\t<\/div>\n\t\t\t\t<\/div>\n\t\t<div class=\"elementor-element elementor-element-f8e74fa e-flex e-con-boxed e-con e-parent\" data-id=\"f8e74fa\" data-element_type=\"container\" data-settings=\"{&quot;jet_parallax_layout_list&quot;:[]}\">\n\t\t\t\t\t<div class=\"e-con-inner\">\n\t\t\t\t<div class=\"elementor-element elementor-element-01822c3 elementor-widget-divider--view-line elementor-widget elementor-widget-divider\" data-id=\"01822c3\" data-element_type=\"widget\" data-widget_type=\"divider.default\">\n\t\t\t\t<div class=\"elementor-widget-container\">\n\t\t\t\t\t\t\t<div class=\"elementor-divider\">\n\t\t\t<span class=\"elementor-divider-separator\">\n\t\t\t\t\t\t<\/span>\n\t\t<\/div>\n\t\t\t\t\t\t<\/div>\n\t\t\t\t<\/div>\n\t\t\t\t\t<\/div>\n\t\t\t\t<\/div>\n\t\t<div class=\"elementor-element elementor-element-e3935f9 e-flex e-con-boxed e-con e-parent\" data-id=\"e3935f9\" data-element_type=\"container\" data-settings=\"{&quot;jet_parallax_layout_list&quot;:[]}\">\n\t\t\t\t\t<div class=\"e-con-inner\">\n\t\t\t\t<div class=\"elementor-element elementor-element-a0551a6 elementor-widget elementor-widget-text-editor\" data-id=\"a0551a6\" data-element_type=\"widget\" data-widget_type=\"text-editor.default\">\n\t\t\t\t<div class=\"elementor-widget-container\">\n\t\t\t\t\t\t\t\t\t<div class=\"page\" title=\"Seite 1\"><div class=\"section\"><div class=\"layoutArea\"><div class=\"column\"><div class=\"page\" title=\"Seite 1\"><div class=\"section\"><div class=\"layoutArea\"><div class=\"column\"><p><em><strong>Die beiden toskanischen Traditionsunternehmen haben sich zusammengetan, um einen Beitrag f\u00fcr das Gastst\u00e4ttengewerbe zu leisten, indem sie 200 Mahlzeiten f\u00fcr das schw\u00e4chste Florenz anbieten und andere dazu einladen, die Initiative zu wiederholen.<\/strong><\/em><\/p><div class=\"page\" title=\"Seite 1\"><div class=\"section\"><div class=\"layoutArea\"><div class=\"column\"><p><strong>Eine Geste der Solidarit\u00e4t und des sozialen Engagements, von der man hofft, dass sie in der Gastronomie &#8220;ansteckend&#8221; sein wird. So entstand die Idee von Tenute Piccini und Il Santo Bevitore, einem historischen Florentiner Restaurant, an jedem Sonntag im Dezember und insbesondere am ersten Weihnachtsfeiertag 50 Mahlzeiten f\u00fcr Florentiner Familien anzubieten, die sich in einer neuen Notlage befinden. <\/strong><\/p><\/div><\/div><\/div><\/div><\/div><\/div><\/div><\/div><\/div><\/div><\/div><\/div>\t\t\t\t\t\t\t\t<\/div>\n\t\t\t\t<\/div>\n\t\t\t\t\t<\/div>\n\t\t\t\t<\/div>\n\t\t<div class=\"elementor-element elementor-element-542295d e-flex e-con-boxed e-con e-parent\" data-id=\"542295d\" data-element_type=\"container\" data-settings=\"{&quot;jet_parallax_layout_list&quot;:[]}\">\n\t\t\t\t\t<div class=\"e-con-inner\">\n\t\t\t\t<div class=\"elementor-element elementor-element-50d4ac2 elementor-widget elementor-widget-text-editor\" data-id=\"50d4ac2\" data-element_type=\"widget\" data-widget_type=\"text-editor.default\">\n\t\t\t\t<div class=\"elementor-widget-container\">\n\t\t\t\t\t\t\t\t\t<div class=\"page\" title=\"Seite 1\"><div class=\"section\"><div class=\"layoutArea\"><div class=\"column\"><div class=\"page\" title=\"Seite 1\"><div class=\"section\"><div class=\"layoutArea\"><div class=\"column\"><div class=\"page\" title=\"Seite 1\"><div class=\"section\"><div class=\"layoutArea\"><div class=\"column\"><div class=\"page\" title=\"Seite 1\"><div class=\"section\"><div class=\"layoutArea\"><div class=\"column\"><div class=\"page\" title=\"Seite 1\"><div class=\"section\"><div class=\"layoutArea\"><div class=\"column\"><div class=\"page\" title=\"Seite 1\"><div class=\"section\"><div class=\"layoutArea\"><div class=\"column\"><p><em><strong>&#8220;Die Pandemie hat viele Familien in tiefe Schwierigkeiten gebracht&#8221;, erkl\u00e4rt Mario Piccini, Gesch\u00e4ftsf\u00fchrer von Tenute Piccini und Mitinitiator des Projekts, &#8220;mit dieser Initiative wollen wir all jenen helfen, die sich in der Weihnachtszeit in einer noch nie dagewesenen Notlage befinden und gerade deshalb nicht die M\u00f6glichkeit haben, Hilfe von den bereits in der Region ans\u00e4ssigen Freiwilligenverb\u00e4nden zu erhalten: Wir wollen andere einbeziehen und dazu anregen, dasselbe zu tun, um dieses Weihnachtsfest f\u00fcr jene, die in einer Situation tiefer Unsicherheit leben, etwas weniger schwierig zu gestalten.<\/strong><\/em><\/p><div class=\"page\" title=\"Seite 1\"><div class=\"section\"><div class=\"layoutArea\"><div class=\"column\"><p><em><strong>&#8220;Dies ist eine Geste der Solidarit\u00e4t, die auf die neuen sozialen Schw\u00e4chen abzielt&#8221;, so die Gesellschafter von Il Santo Bevitore, Marco und Martina Baldesi und Stefano Sebastiani, &#8220;aber es ist auch ein kleiner Akt der Resilienz, der die gesamte Restaurantkette einbezieht, da er die lokale Produktion und die Arbeitszeiten unserer Mitarbeiter betrifft. Wir hoffen, dass es von anderen Betrieben nachgeahmt werden kann&#8221;.<\/strong><\/em><\/p><\/div><\/div><\/div><\/div><\/div><\/div><\/div><\/div><\/div><\/div><\/div><\/div><\/div><\/div><\/div><\/div><\/div><\/div><\/div><\/div><\/div><\/div><\/div><\/div><\/div><\/div><\/div><\/div>\t\t\t\t\t\t\t\t<\/div>\n\t\t\t\t<\/div>\n\t\t\t\t\t<\/div>\n\t\t\t\t<\/div>\n\t\t<div class=\"elementor-element elementor-element-3bf8542 e-flex e-con-boxed e-con e-parent\" data-id=\"3bf8542\" data-element_type=\"container\" data-settings=\"{&quot;jet_parallax_layout_list&quot;:[]}\">\n\t\t\t\t\t<div class=\"e-con-inner\">\n\t\t\t\t<div class=\"elementor-element elementor-element-5109772 elementor-widget elementor-widget-text-editor\" data-id=\"5109772\" data-element_type=\"widget\" data-widget_type=\"text-editor.default\">\n\t\t\t\t<div class=\"elementor-widget-container\">\n\t\t\t\t\t\t\t\t\t<div class=\"page\" title=\"Seite 1\"><div class=\"section\"><div class=\"layoutArea\"><div class=\"column\"><div class=\"page\" title=\"Seite 1\"><div class=\"section\"><div class=\"layoutArea\"><div class=\"column\"><div class=\"page\" title=\"Seite 1\"><div class=\"section\"><div class=\"layoutArea\"><div class=\"column\"><div class=\"page\" title=\"Seite 1\"><div class=\"section\"><div class=\"layoutArea\"><div class=\"column\"><div class=\"page\" title=\"Seite 1\"><div class=\"section\"><div class=\"layoutArea\"><div class=\"column\"><div class=\"page\" title=\"Seite 1\"><div class=\"section\"><div class=\"layoutArea\"><div class=\"column\"><p>Dank der Unterst\u00fctzung der Stadtverwaltung von Florenz in Zusammenarbeit mit den wichtigsten Freiwilligenverb\u00e4nden der Region konnten die Familien ermittelt werden, f\u00fcr die die Mahlzeiten bestimmt waren:<em><strong> &#8220;Tenute Piccini und Il Santo Bevitore sind eine lobenswerte Geste der Solidarit\u00e4t mit den schwachen Florentiner Familien, die zu den am st\u00e4rksten von der Krise aufgrund des Gesundheitsnotstands Betroffenen geh\u00f6ren&#8221;.<\/strong> <\/em>schloss die Stadtr\u00e4tin f\u00fcr Soziales der Stadt Florenz, Sara Funaro, <em><strong>&#8220;Wir k\u00f6nnen stolz auf unsere Gemeinschaft sein, die wieder einmal gezeigt hat, dass sie ein gro\u00dfes Herz der Solidarit\u00e4t hat und den Bed\u00fcrftigen nahe steht.<\/strong><\/em><\/p><div class=\"page\" title=\"Seite 1\"><div class=\"section\"><div class=\"layoutArea\"><div class=\"column\"><p>Die Empf\u00e4nger der Initiative, die von der Stadt Florenz unter den neuen gebrechlichen Personen identifiziert wurden, k\u00f6nnen die Mahlzeiten vor Ort, im Restaurant selbst oder auf Wunsch auch nach Hause geliefert bekommen, wobei die geltenden Anti-Covid-Vorschriften eingehalten werden.<\/p><\/div><\/div><\/div><\/div><\/div><\/div><\/div><\/div><\/div><\/div><\/div><\/div><\/div><\/div><\/div><\/div><\/div><\/div><\/div><\/div><\/div><\/div><\/div><\/div><\/div><\/div><\/div><\/div>\t\t\t\t\t\t\t\t<\/div>\n\t\t\t\t<\/div>\n\t\t\t\t\t<\/div>\n\t\t\t\t<\/div>\n\t\t<div class=\"elementor-element elementor-element-558cbba e-flex e-con-boxed e-con e-parent\" data-id=\"558cbba\" data-element_type=\"container\" data-settings=\"{&quot;jet_parallax_layout_list&quot;:[]}\">\n\t\t\t\t\t<div class=\"e-con-inner\">\n\t\t\t\t\t<\/div>\n\t\t\t\t<\/div>\n\t\t\t\t<\/div>\n\t\t","protected":false},"excerpt":{"rendered":"<p>Die beiden toskanischen Traditionsunternehmen haben sich zusammengetan, um einen Beitrag f\u00fcr die Gastronomie zu leisten, indem sie 200 Mahlzeiten f\u00fcr das schw\u00e4chste Florenz anbieten.<\/p>\n","protected":false},"author":1,"featured_media":29459,"comment_status":"closed","ping_status":"closed","sticky":false,"template":"","format":"standard","meta":{"_acf_changed":false,"footnotes":""},"categories":[408,409,206,205],"tags":[],"class_list":["post-31971","post","type-post","status-publish","format-standard","has-post-thumbnail","hentry","category-2020-de","category-diversitat-und-integration","category-piccini-gruppe","category-pressemeldungen"],"acf":[],"_links":{"self":[{"href":"https:\/\/www.piccini1882.it\/de\/wp-json\/wp\/v2\/posts\/31971","targetHints":{"allow":["GET"]}}],"collection":[{"href":"https:\/\/www.piccini1882.it\/de\/wp-json\/wp\/v2\/posts"}],"about":[{"href":"https:\/\/www.piccini1882.it\/de\/wp-json\/wp\/v2\/types\/post"}],"author":[{"embeddable":true,"href":"https:\/\/www.piccini1882.it\/de\/wp-json\/wp\/v2\/users\/1"}],"replies":[{"embeddable":true,"href":"https:\/\/www.piccini1882.it\/de\/wp-json\/wp\/v2\/comments?post=31971"}],"version-history":[{"count":1,"href":"https:\/\/www.piccini1882.it\/de\/wp-json\/wp\/v2\/posts\/31971\/revisions"}],"predecessor-version":[{"id":31973,"href":"https:\/\/www.piccini1882.it\/de\/wp-json\/wp\/v2\/posts\/31971\/revisions\/31973"}],"wp:featuredmedia":[{"embeddable":true,"href":"https:\/\/www.piccini1882.it\/de\/wp-json\/wp\/v2\/media\/29459"}],"wp:attachment":[{"href":"https:\/\/www.piccini1882.it\/de\/wp-json\/wp\/v2\/media?parent=31971"}],"wp:term":[{"taxonomy":"category","embeddable":true,"href":"https:\/\/www.piccini1882.it\/de\/wp-json\/wp\/v2\/categories?post=31971"},{"taxonomy":"post_tag","embeddable":true,"href":"https:\/\/www.piccini1882.it\/de\/wp-json\/wp\/v2\/tags?post=31971"}],"curies":[{"name":"wp","href":"https:\/\/api.w.org\/{rel}","templated":true}]}}