{"id":31995,"date":"2020-05-15T10:52:42","date_gmt":"2020-05-15T08:52:42","guid":{"rendered":"https:\/\/www.piccini1882.it\/die-reaktion-von-tenute-piccini-auf-die-krise\/"},"modified":"2025-04-09T13:33:39","modified_gmt":"2025-04-09T11:33:39","slug":"die-reaktion-von-tenute-piccini-auf-die-krise","status":"publish","type":"post","link":"https:\/\/www.piccini1882.it\/de\/blog\/2020\/05\/15\/die-reaktion-von-tenute-piccini-auf-die-krise\/","title":{"rendered":"Die Reaktion von Tenute Piccini auf die Krise."},"content":{"rendered":"\t\t<div data-elementor-type=\"wp-post\" data-elementor-id=\"31995\" class=\"elementor elementor-31995 elementor-29486\" data-elementor-post-type=\"post\">\n\t\t\t\t<div class=\"elementor-element elementor-element-efba512 e-flex e-con-boxed e-con e-parent\" data-id=\"efba512\" data-element_type=\"container\" data-settings=\"{&quot;jet_parallax_layout_list&quot;:[]}\">\n\t\t\t\t\t<div class=\"e-con-inner\">\n\t\t<div class=\"elementor-element elementor-element-82576b8 e-con-full e-flex e-con e-child\" data-id=\"82576b8\" data-element_type=\"container\" data-settings=\"{&quot;jet_parallax_layout_list&quot;:[]}\">\n\t\t\t\t<div class=\"elementor-element elementor-element-ba3af52 elementor-widget elementor-widget-text-editor\" data-id=\"ba3af52\" data-element_type=\"widget\" data-widget_type=\"text-editor.default\">\n\t\t\t\t<div class=\"elementor-widget-container\">\n\t\t\t\t\t\t\t\t\t<strong><em>EINHEIT IST ST\u00c4RKE: TENUTE PICCINI UND DER HEILIGE TRINKER<br> GEMEINSAM ZUR UNTERST\u00dcTZUNG DER NEUEN SCHW\u00c4CHEN.  <\/em><\/strong>\t\t\t\t\t\t\t\t<\/div>\n\t\t\t\t<\/div>\n\t\t\t\t<\/div>\n\t\t\t\t\t<\/div>\n\t\t\t\t<\/div>\n\t\t<div class=\"elementor-element elementor-element-d1f8983 e-flex e-con-boxed e-con e-parent\" data-id=\"d1f8983\" data-element_type=\"container\" data-settings=\"{&quot;jet_parallax_layout_list&quot;:[]}\">\n\t\t\t\t\t<div class=\"e-con-inner\">\n\t\t\t\t<div class=\"elementor-element elementor-element-e4345ac elementor-widget-divider--view-line elementor-widget elementor-widget-divider\" data-id=\"e4345ac\" data-element_type=\"widget\" data-widget_type=\"divider.default\">\n\t\t\t\t<div class=\"elementor-widget-container\">\n\t\t\t\t\t\t\t<div class=\"elementor-divider\">\n\t\t\t<span class=\"elementor-divider-separator\">\n\t\t\t\t\t\t<\/span>\n\t\t<\/div>\n\t\t\t\t\t\t<\/div>\n\t\t\t\t<\/div>\n\t\t\t\t\t<\/div>\n\t\t\t\t<\/div>\n\t\t<div class=\"elementor-element elementor-element-e3935f9 e-flex e-con-boxed e-con e-parent\" data-id=\"e3935f9\" data-element_type=\"container\" data-settings=\"{&quot;jet_parallax_layout_list&quot;:[]}\">\n\t\t\t\t\t<div class=\"e-con-inner\">\n\t\t\t\t<div class=\"elementor-element elementor-element-a0551a6 elementor-widget elementor-widget-text-editor\" data-id=\"a0551a6\" data-element_type=\"widget\" data-widget_type=\"text-editor.default\">\n\t\t\t\t<div class=\"elementor-widget-container\">\n\t\t\t\t\t\t\t\t\t<div class=\"page\" title=\"Seite 1\">\n<div class=\"section\">\n<div class=\"layoutArea\">\n<div class=\"column\">\n\n<strong><em>Alles wird gut und wir werden bald auf den Mut eines Herzens ansto\u00dfen,<br> das Italiens, das sogar die Angst besiegt hat&#8221;.<\/em> <\/strong>\n<br> <br> \n<strong>So lautet die Schlussfolgerung des Werbespots von Tenute Piccini, der ab Ostern zur besten Sendezeit auf den Kan\u00e4len von Mediaset ausgestrahlt wird und eine Botschaft der Hoffnung f\u00fcr das ganze Land sein soll. In nur wenigen Sekunden machen Bilder von leeren St\u00e4dten Platz f\u00fcr die Weite der toskanischen Landschaften und die Sch\u00f6nheit der Weinberge, als wollten sie sagen, dass die Natur nicht stehen bleibt, sondern geduldig darauf wartet, dass wir wieder aktiv werden. <\/strong>\n\n<\/div>\n<\/div>\n<\/div>\n<\/div>\t\t\t\t\t\t\t\t<\/div>\n\t\t\t\t<\/div>\n\t\t\t\t\t<\/div>\n\t\t\t\t<\/div>\n\t\t<div class=\"elementor-element elementor-element-70f6ff6 e-flex e-con-boxed e-con e-parent\" data-id=\"70f6ff6\" data-element_type=\"container\" data-settings=\"{&quot;jet_parallax_layout_list&quot;:[]}\">\n\t\t\t\t\t<div class=\"e-con-inner\">\n\t\t\t\t<div class=\"elementor-element elementor-element-aff3d77 elementor-widget elementor-widget-text-editor\" data-id=\"aff3d77\" data-element_type=\"widget\" data-widget_type=\"text-editor.default\">\n\t\t\t\t<div class=\"elementor-widget-container\">\n\t\t\t\t\t\t\t\t\t<div class=\"page\" title=\"Seite 1\"><div class=\"section\"><div class=\"layoutArea\"><div class=\"column\"><div class=\"page\" title=\"Seite 1\"><div class=\"section\"><div class=\"layoutArea\"><div class=\"column\"><div class=\"page\" title=\"Seite 1\"><div class=\"section\"><div class=\"layoutArea\"><div class=\"column\"><p>Die von dem in Castellina in Chianti (SI) ans\u00e4ssigen Unternehmen angestrebte Kommunikation spiegelt die unternehmerische Vision seines Inhabers Mario Piccini, des Gesch\u00e4ftsf\u00fchrers des Unternehmens, in vollem Umfang wider, und zwar in der Vorstellung, dass es dem Land trotz der Schwierigkeiten gelingen wird, wieder auf die Beine zu kommen, indem es Mut und Willenskraft zeigt. Aus dieser \u00dcberzeugung heraus hat Mario Piccini seit Beginn der Krise wichtige Entscheidungen getroffen, die sich an den Werten der Solidarit\u00e4t und der Verantwortung orientieren. In einem f\u00fcr Italien so dramatischen Moment hat das Unternehmen beschlossen, 30.000 Atemschutzmasken an die Zivilschutzdelegationen der Toskana, der Lombardei und Liguriens zu spenden und sich der Wohlt\u00e4tigkeitsinitiative eines bekannten E-Commerce-Portals anzuschlie\u00dfen, das f\u00fcr jede verkaufte Flasche der Produkte von Torre Mora, dem Weingut der Familie Piccini am \u00c4tna, 1 \u20ac an das Sacco-Krankenhaus in Mailand spendet.  <\/p><\/div><div class=\"page\" title=\"Seite 1\"><div class=\"section\"><div class=\"layoutArea\"><div class=\"column\"><p>Intern hat Mario Piccini beschlossen, die Investitionen des Weinkonzerns mit noch gr\u00f6\u00dferer Entschlossenheit fortzusetzen, beginnend mit den beiden Bereichen, die f\u00fcr das Unternehmen als lebenswichtig angesehen werden: Mitarbeiter und Weinberge. In einer Zeit der globalen Krise, in der die Ungewissheit das Handeln vieler Menschen bestimmt, hat sich Piccini einerseits gegen\u00fcber seinen Mitarbeitern und andererseits gegen\u00fcber seinen Kunden und Lieferanten verpflichtet, die Produktion aufrechtzuerhalten und damit die Vollzeitbesch\u00e4ftigung ohne Abfindungen f\u00fcr alle Mitarbeiter des Unternehmens zu garantieren. &#8221; <em>Wir haben alle Produktionsst\u00e4tten in Betrieb gehalten und dabei die Vorschriften der DPCMs eingehalten, um die Kommunikation unserer Produkte, unseres Made in Italy, sowohl in Italien als auch im Ausland weiterhin gew\u00e4hrleisten zu k\u00f6nnen&#8221;,<\/em> so Mario Piccini, Gesch\u00e4ftsf\u00fchrer des Unternehmens. <\/p><\/div><\/div><\/div><\/div><\/div><\/div><\/div><\/div><\/div><\/div><\/div><\/div><\/div><\/div><\/div>\t\t\t\t\t\t\t\t<\/div>\n\t\t\t\t<\/div>\n\t\t\t\t\t<\/div>\n\t\t\t\t<\/div>\n\t\t<div class=\"elementor-element elementor-element-542295d e-flex e-con-boxed e-con e-parent\" data-id=\"542295d\" data-element_type=\"container\" data-settings=\"{&quot;jet_parallax_layout_list&quot;:[]}\">\n\t\t\t\t\t<div class=\"e-con-inner\">\n\t\t\t\t<div class=\"elementor-element elementor-element-50d4ac2 elementor-widget elementor-widget-text-editor\" data-id=\"50d4ac2\" data-element_type=\"widget\" data-widget_type=\"text-editor.default\">\n\t\t\t\t<div class=\"elementor-widget-container\">\n\t\t\t\t\t\t\t\t\t<div class=\"page\" title=\"Seite 1\"><div class=\"section\"><div class=\"layoutArea\"><div class=\"column\"><div class=\"page\" title=\"Seite 1\"><div class=\"section\"><div class=\"layoutArea\"><div class=\"column\"><div class=\"page\" title=\"Seite 1\"><div class=\"section\"><div class=\"layoutArea\"><div class=\"column\"><div class=\"page\" title=\"Seite 1\"><div class=\"section\"><div class=\"layoutArea\"><div class=\"column\"><p><em>&#8220;Wir sch\u00e4tzen uns sehr gl\u00fccklich, dass wir auf unsere Art und Weise ein hohes Besch\u00e4ftigungsniveau aufrechterhalten konnten, ohne Instrumente wie den Entlassungsfonds zu aktivieren.<\/em>  Um eine gr\u00f6\u00dfere Sicherheit f\u00fcr die Mitarbeiter und die Kontinuit\u00e4t der Arbeit zu gew\u00e4hrleisten, hat Piccini das Betriebsteam in zwei getrennte Teams aufgeteilt, die abwechselnd, aber auf der gleichen Ebene arbeiten.<em>  dessen Gehalt trotz der Pausenschichten garantiert ist. Investiert wird nicht nur in die Produktion, sondern auch in die Landschaft, wo sowohl auf der Fattoria di Valiano, dem Weingut der Familie Piccini im Herzen des Chianti Classico in Castelnuovo Berardenga, als auch auf der Tenuta Moraia, in der wilden toskanischen Maremma in der Provinz Grosseto, neue Weinberge angelegt wurden. &#8220;Mit vereinten Kr\u00e4ften wird es uns gelingen, auch diesen schwierigen Moment zu \u00fcberwinden&#8221;, so Mario Piccini abschlie\u00dfend.  <\/em>  &#8220;und wir von Piccini wollen ganz Italien ein Zeichen der Hoffnung geben: Gemeinsam werden wir neu anfangen. Schlie\u00dflich sind wir das Land, das jahrhundertelang Meisterwerke der Exzellenz geschaffen hat, Meisterwerke, die die ganze Welt bewundert und die heute mehr denn je unser Handeln inspirieren m\u00fcssen&#8221;.<\/p><\/div><\/div><\/div><\/div><\/div><\/div><\/div><\/div><\/div><\/div><\/div><\/div><\/div><\/div><\/div><\/div>\t\t\t\t\t\t\t\t<\/div>\n\t\t\t\t<\/div>\n\t\t\t\t\t<\/div>\n\t\t\t\t<\/div>\n\t\t<div class=\"elementor-element elementor-element-558cbba e-flex e-con-boxed e-con e-parent\" data-id=\"558cbba\" data-element_type=\"container\" data-settings=\"{&quot;jet_parallax_layout_list&quot;:[]}\">\n\t\t\t\t\t<div class=\"e-con-inner\">\n\t\t\t\t\t<\/div>\n\t\t\t\t<\/div>\n\t\t\t\t<\/div>\n\t\t","protected":false},"excerpt":{"rendered":"<p>Piccini 1882: &#8220;Alles wird gut und wir werden bald auf den Mut eines Herzens ansto\u00dfen, das Italiens, das sogar die Angst besiegt hat.<\/p>\n","protected":false},"author":1,"featured_media":29459,"comment_status":"closed","ping_status":"closed","sticky":false,"template":"","format":"standard","meta":{"_acf_changed":false,"footnotes":""},"categories":[408,210,206,205],"tags":[],"class_list":["post-31995","post","type-post","status-publish","format-standard","has-post-thumbnail","hentry","category-2020-de","category-aktualisierungen","category-piccini-gruppe","category-pressemeldungen"],"acf":[],"_links":{"self":[{"href":"https:\/\/www.piccini1882.it\/de\/wp-json\/wp\/v2\/posts\/31995","targetHints":{"allow":["GET"]}}],"collection":[{"href":"https:\/\/www.piccini1882.it\/de\/wp-json\/wp\/v2\/posts"}],"about":[{"href":"https:\/\/www.piccini1882.it\/de\/wp-json\/wp\/v2\/types\/post"}],"author":[{"embeddable":true,"href":"https:\/\/www.piccini1882.it\/de\/wp-json\/wp\/v2\/users\/1"}],"replies":[{"embeddable":true,"href":"https:\/\/www.piccini1882.it\/de\/wp-json\/wp\/v2\/comments?post=31995"}],"version-history":[{"count":1,"href":"https:\/\/www.piccini1882.it\/de\/wp-json\/wp\/v2\/posts\/31995\/revisions"}],"predecessor-version":[{"id":31998,"href":"https:\/\/www.piccini1882.it\/de\/wp-json\/wp\/v2\/posts\/31995\/revisions\/31998"}],"wp:featuredmedia":[{"embeddable":true,"href":"https:\/\/www.piccini1882.it\/de\/wp-json\/wp\/v2\/media\/29459"}],"wp:attachment":[{"href":"https:\/\/www.piccini1882.it\/de\/wp-json\/wp\/v2\/media?parent=31995"}],"wp:term":[{"taxonomy":"category","embeddable":true,"href":"https:\/\/www.piccini1882.it\/de\/wp-json\/wp\/v2\/categories?post=31995"},{"taxonomy":"post_tag","embeddable":true,"href":"https:\/\/www.piccini1882.it\/de\/wp-json\/wp\/v2\/tags?post=31995"}],"curies":[{"name":"wp","href":"https:\/\/api.w.org\/{rel}","templated":true}]}}