{"id":31997,"date":"2020-01-01T10:32:00","date_gmt":"2020-01-01T09:32:00","guid":{"rendered":"https:\/\/www.piccini1882.it\/2020-umsatz-65-dank-e-commerce-und-grossflaechigem-einzelhandel\/"},"modified":"2025-04-09T13:33:39","modified_gmt":"2025-04-09T11:33:39","slug":"2020-umsatz-65-dank-e-commerce-und-grossflaechigem-einzelhandel","status":"publish","type":"post","link":"https:\/\/www.piccini1882.it\/de\/blog\/2020\/01\/01\/2020-umsatz-65-dank-e-commerce-und-grossflaechigem-einzelhandel\/","title":{"rendered":"2020 Umsatz + 6,5 % dank E-Commerce und gro\u00dffl\u00e4chigem Einzelhandel."},"content":{"rendered":"\t\t<div data-elementor-type=\"wp-post\" data-elementor-id=\"31997\" class=\"elementor elementor-31997 elementor-21560\" data-elementor-post-type=\"post\">\n\t\t\t\t<div class=\"elementor-element elementor-element-551bc212 e-flex e-con-boxed e-con e-parent\" data-id=\"551bc212\" data-element_type=\"container\" data-settings=\"{&quot;jet_parallax_layout_list&quot;:[]}\">\n\t\t\t\t\t<div class=\"e-con-inner\">\n\t\t\t\t<div class=\"elementor-element elementor-element-7aec78c7 elementor-widget elementor-widget-text-editor\" data-id=\"7aec78c7\" data-element_type=\"widget\" data-widget_type=\"text-editor.default\">\n\t\t\t\t<div class=\"elementor-widget-container\">\n\t\t\t\t\t\t\t\t\t<p><strong>DIE EMPF\u00c4NGER DER INITIATIVE, DIE VON DER STADT FLORENZ UNTER DEN NEUEN GEBRECHLICHEN PERSONEN IDENTIFIZIERT WURDEN, K\u00d6NNEN DIE MAHLZEITEN VOR ORT, IM RESTAURANT SELBST ODER AUF WUNSCH AUCH NACH HAUSE GELIEFERT BEKOMMEN, WOBEI DIE GELTENDEN ANTI-COVID-VORSCHRIFTEN EINGEHALTEN WERDEN.<\/strong><\/p>\t\t\t\t\t\t\t\t<\/div>\n\t\t\t\t<\/div>\n\t\t\t\t\t<\/div>\n\t\t\t\t<\/div>\n\t\t<div class=\"elementor-element elementor-element-f8e74fa e-flex e-con-boxed e-con e-parent\" data-id=\"f8e74fa\" data-element_type=\"container\" data-settings=\"{&quot;jet_parallax_layout_list&quot;:[]}\">\n\t\t\t\t\t<div class=\"e-con-inner\">\n\t\t\t\t<div class=\"elementor-element elementor-element-01822c3 elementor-widget-divider--view-line elementor-widget elementor-widget-divider\" data-id=\"01822c3\" data-element_type=\"widget\" data-widget_type=\"divider.default\">\n\t\t\t\t<div class=\"elementor-widget-container\">\n\t\t\t\t\t\t\t<div class=\"elementor-divider\">\n\t\t\t<span class=\"elementor-divider-separator\">\n\t\t\t\t\t\t<\/span>\n\t\t<\/div>\n\t\t\t\t\t\t<\/div>\n\t\t\t\t<\/div>\n\t\t\t\t\t<\/div>\n\t\t\t\t<\/div>\n\t\t<div class=\"elementor-element elementor-element-e3935f9 e-flex e-con-boxed e-con e-parent\" data-id=\"e3935f9\" data-element_type=\"container\" data-settings=\"{&quot;jet_parallax_layout_list&quot;:[]}\">\n\t\t\t\t\t<div class=\"e-con-inner\">\n\t\t\t\t<div class=\"elementor-element elementor-element-a0551a6 elementor-widget elementor-widget-text-editor\" data-id=\"a0551a6\" data-element_type=\"widget\" data-widget_type=\"text-editor.default\">\n\t\t\t\t<div class=\"elementor-widget-container\">\n\t\t\t\t\t\t\t\t\t<p><strong><em>&#8220;Es war ein dramatisches Jahr in sozialer Hinsicht und ein sehr kompliziertes Jahr in gesch\u00e4ftlicher Hinsicht&#8221;.<\/em>  &#8211; sagt Mario Piccini, Gesch\u00e4ftsf\u00fchrer des Unternehmens.  <em>&#8220;Der Vertriebskanal Ho.Re.Ca. hat erhebliche Verluste erlitten, aber es ist uns gelungen, uns schnell zu reorganisieren, indem wir das Umsatzwachstum im Gro\u00dfvertrieb und im direkten E-Commerce angekurbelt haben, der jetzt 1 % des Umsatzes des Unternehmens ausmacht. Die Diversifizierungsstrategie, die rasche Umstrukturierung des Vertriebs und das kollektive Engagement aller Mitarbeiter des Unternehmens haben dazu beigetragen, dass in diesem schwierigen Jahr eine Umsatzsteigerung von +6,5 % gegen\u00fcber 2019 erzielt werden konnte. Der Markt bleibt jedoch extrem volatil und unweigerlich mit der Entwicklung der Covid-Situation und deren Auswirkungen auf die Kaufkraft der Haushalte verbunden.&#8221;<\/em>so der CEO abschlie\u00dfend.<\/strong><\/p>\t\t\t\t\t\t\t\t<\/div>\n\t\t\t\t<\/div>\n\t\t\t\t\t<\/div>\n\t\t\t\t<\/div>\n\t\t<div class=\"elementor-element elementor-element-70f6ff6 e-flex e-con-boxed e-con e-parent\" data-id=\"70f6ff6\" data-element_type=\"container\" data-settings=\"{&quot;jet_parallax_layout_list&quot;:[]}\">\n\t\t\t\t\t<div class=\"e-con-inner\">\n\t\t\t\t<div class=\"elementor-element elementor-element-aff3d77 elementor-widget elementor-widget-text-editor\" data-id=\"aff3d77\" data-element_type=\"widget\" data-widget_type=\"text-editor.default\">\n\t\t\t\t<div class=\"elementor-widget-container\">\n\t\t\t\t\t\t\t\t\t<div class=\"page\" title=\"Seite 1\"><div class=\"section\"><div class=\"layoutArea\"><div class=\"column\"><p>Tenute Piccini rechnet bis zum Jahresende mit einem Wachstum von 3 % in Italien, 9 % im Ausland und etwa 300 % im E-Commerce-Kanal. Dieses Wachstum hat bisher die Kontinuit\u00e4t der Vollzeitbesch\u00e4ftigung aller Mitarbeiter sowie die Aufnahme neuer Fachkr\u00e4fte in die Belegschaft des Unternehmens gew\u00e4hrleistet. <\/p><\/div><\/div><\/div><\/div>\t\t\t\t\t\t\t\t<\/div>\n\t\t\t\t<\/div>\n\t\t\t\t\t<\/div>\n\t\t\t\t<\/div>\n\t\t<div class=\"elementor-element elementor-element-542295d e-flex e-con-boxed e-con e-parent\" data-id=\"542295d\" data-element_type=\"container\" data-settings=\"{&quot;jet_parallax_layout_list&quot;:[]}\">\n\t\t\t\t\t<div class=\"e-con-inner\">\n\t\t\t\t<div class=\"elementor-element elementor-element-50d4ac2 elementor-widget elementor-widget-text-editor\" data-id=\"50d4ac2\" data-element_type=\"widget\" data-widget_type=\"text-editor.default\">\n\t\t\t\t<div class=\"elementor-widget-container\">\n\t\t\t\t\t\t\t\t\t<div class=\"page\" title=\"Seite 1\"><div class=\"section\"><div class=\"layoutArea\"><div class=\"column\"><div class=\"page\" title=\"Seite 1\"><div class=\"section\"><div class=\"layoutArea\"><div class=\"column\"><p>Ein Jahr des \u00dcbergangs, 2020, das mit der Einweihung des neuen Produktionsstandorts in Casole d&#8217;Elsa begann &#8211; eine Investition von 13 Millionen Euro in Produktion und Logistik &#8211; und mit einer Reorganisation und Verbesserung der internen Produktionsprozesse im Hinblick auf Effizienz und Nachhaltigkeit fortgesetzt wurde.<\/p><p>&#8220;<em>Die Streichung von Veranstaltungen und Reisen hat es uns erm\u00f6glicht, mehr Zeit zu haben und uns auf unsere eigenen Aktivit\u00e4ten zu konzentrieren&#8221;, so<\/em> Mario Piccini weiter,  <em>&#8220;Wir haben einen Zertifizierungsprozess f\u00fcr soziale, \u00f6kologische und wirtschaftliche Nachhaltigkeit eingeleitet, der auch mit einer Ausweitung des Angebots unserer Bioweine einhergeht. Dies geschieht, um den Bed\u00fcrfnissen der Endverbraucher mehr und mehr Aufmerksamkeit zu schenken, denen wir unsere N\u00e4he auch in der schwersten Zeit der Schlie\u00dfung demonstrieren wollten, mit Investitionen in die Kommunikation auch durch institutionelle Fernsehspots und mit der St\u00e4rkung des E-Commerce-Kanals, um den Kauf von Premium-Etiketten zu erm\u00f6glichen, die normalerweise nur von Restaurants vertrieben werden&#8221;.<\/em><\/p><\/div><\/div><\/div><\/div><\/div><\/div><\/div><\/div>\t\t\t\t\t\t\t\t<\/div>\n\t\t\t\t<\/div>\n\t\t\t\t\t<\/div>\n\t\t\t\t<\/div>\n\t\t<div class=\"elementor-element elementor-element-d445b7e e-flex e-con-boxed e-con e-parent\" data-id=\"d445b7e\" data-element_type=\"container\" data-settings=\"{&quot;jet_parallax_layout_list&quot;:[]}\">\n\t\t\t\t\t<div class=\"e-con-inner\">\n\t\t\t\t<div class=\"elementor-element elementor-element-b656b02 elementor-widget elementor-widget-text-editor\" data-id=\"b656b02\" data-element_type=\"widget\" data-widget_type=\"text-editor.default\">\n\t\t\t\t<div class=\"elementor-widget-container\">\n\t\t\t\t\t\t\t\t\t<div class=\"page\" title=\"Seite 1\"><div class=\"section\"><div class=\"layoutArea\"><div class=\"column\"><div class=\"page\" title=\"Seite 1\"><div class=\"section\"><div class=\"layoutArea\"><div class=\"column\"><div class=\"page\" title=\"Seite 1\"><div class=\"section\"><div class=\"layoutArea\"><div class=\"column\"><p><strong>Erw\u00e4hnenswert ist auch die Entwicklung des historischen Agricoltori del Geografico, der seit 2018 unter der Leitung der Familie Piccini steht und in diesem Jahr nicht nur f\u00fcr eine bemerkenswerte Qualit\u00e4tssteigerung der neuen Jahrg\u00e4nge, sondern auch f\u00fcr die Einf\u00fchrung neuer Exzellenzen gesorgt hat, die das Ergebnis des laufenden Projekts der Lieferkette mit den Weinbauern sind, die den Wein verleihen und deren wachsende Zahl zur Vinifizierung von nicht weniger als 40.000 Doppelzentnern Trauben gef\u00fchrt hat.<\/strong><\/p><\/div><\/div><\/div><\/div><\/div><\/div><\/div><\/div><\/div><\/div><\/div><\/div>\t\t\t\t\t\t\t\t<\/div>\n\t\t\t\t<\/div>\n\t\t\t\t\t<\/div>\n\t\t\t\t<\/div>\n\t\t<div class=\"elementor-element elementor-element-558cbba e-flex e-con-boxed e-con e-parent\" data-id=\"558cbba\" data-element_type=\"container\" data-settings=\"{&quot;jet_parallax_layout_list&quot;:[]}\">\n\t\t\t\t\t<div class=\"e-con-inner\">\n\t\t\t\t\t<\/div>\n\t\t\t\t<\/div>\n\t\t\t\t<\/div>\n\t\t","protected":false},"excerpt":{"rendered":"<p>Eine positive Bilanz f\u00fcr Piccini 1882, das Anfang 2020 seine neue Produktionsst\u00e4tte in Casole d&#8217;Elsa eingeweiht hat und ein schwieriges Jahr positiv \u00fcberstanden hat.  <\/p>\n","protected":false},"author":1,"featured_media":29459,"comment_status":"closed","ping_status":"closed","sticky":false,"template":"","format":"standard","meta":{"_acf_changed":false,"footnotes":""},"categories":[408,210,206,205],"tags":[],"class_list":["post-31997","post","type-post","status-publish","format-standard","has-post-thumbnail","hentry","category-2020-de","category-aktualisierungen","category-piccini-gruppe","category-pressemeldungen"],"acf":[],"_links":{"self":[{"href":"https:\/\/www.piccini1882.it\/de\/wp-json\/wp\/v2\/posts\/31997","targetHints":{"allow":["GET"]}}],"collection":[{"href":"https:\/\/www.piccini1882.it\/de\/wp-json\/wp\/v2\/posts"}],"about":[{"href":"https:\/\/www.piccini1882.it\/de\/wp-json\/wp\/v2\/types\/post"}],"author":[{"embeddable":true,"href":"https:\/\/www.piccini1882.it\/de\/wp-json\/wp\/v2\/users\/1"}],"replies":[{"embeddable":true,"href":"https:\/\/www.piccini1882.it\/de\/wp-json\/wp\/v2\/comments?post=31997"}],"version-history":[{"count":1,"href":"https:\/\/www.piccini1882.it\/de\/wp-json\/wp\/v2\/posts\/31997\/revisions"}],"predecessor-version":[{"id":31999,"href":"https:\/\/www.piccini1882.it\/de\/wp-json\/wp\/v2\/posts\/31997\/revisions\/31999"}],"wp:featuredmedia":[{"embeddable":true,"href":"https:\/\/www.piccini1882.it\/de\/wp-json\/wp\/v2\/media\/29459"}],"wp:attachment":[{"href":"https:\/\/www.piccini1882.it\/de\/wp-json\/wp\/v2\/media?parent=31997"}],"wp:term":[{"taxonomy":"category","embeddable":true,"href":"https:\/\/www.piccini1882.it\/de\/wp-json\/wp\/v2\/categories?post=31997"},{"taxonomy":"post_tag","embeddable":true,"href":"https:\/\/www.piccini1882.it\/de\/wp-json\/wp\/v2\/tags?post=31997"}],"curies":[{"name":"wp","href":"https:\/\/api.w.org\/{rel}","templated":true}]}}