{"id":32015,"date":"2020-02-26T17:42:00","date_gmt":"2020-02-26T16:42:00","guid":{"rendered":"https:\/\/www.piccini1882.it\/innovation-wachstum-und-export-unser-weg-in-die-zukunft\/"},"modified":"2025-04-09T13:33:47","modified_gmt":"2025-04-09T11:33:47","slug":"innovation-wachstum-und-export-unser-weg-in-die-zukunft","status":"publish","type":"post","link":"https:\/\/www.piccini1882.it\/de\/blog\/2020\/02\/26\/innovation-wachstum-und-export-unser-weg-in-die-zukunft\/","title":{"rendered":"Innovation, Wachstum und Export: unser Weg in die Zukunft"},"content":{"rendered":"&#13;\n<p>In einer Zeit gro\u00dfer Ver\u00e4nderungen ist es unserem Unternehmen gelungen, sich anzupassen und neue Chancen zu ergreifen, seine Pr\u00e4senz auf den globalen M\u00e4rkten zu st\u00e4rken und in Innovation und Nachhaltigkeit zu investieren. Zwischen schnell wachsendem E-Commerce, konsolidierten Exporten und immer raffinierteren digitalen Strategien setzen wir unseren Entwicklungsweg entschlossen fort und stellen uns den Herausforderungen mit Vision und Ehrgeiz. <\/p>&#13;\n<p class=\"s3\"><strong><span class=\"s2\">1.<\/span> <span class=\"s2\">Wie verteilt sich Ihr Markt auf den station\u00e4ren und den gro\u00dffl\u00e4chigen Einzelhandel sowie den elektronischen Handel?<\/span><\/strong><\/p>&#13;\n<p class=\"s3\"><span class=\"s5\">Die gro\u00dfen Einzelh\u00e4ndler haben schon immer den gr\u00f6\u00dften Anteil an unserem Markt gehabt, aber sie sind auch fest auf die Ho<\/span><span class=\"s5\">R<\/span><span class=\"s5\">e<\/span><span class=\"s5\">C<\/span><span class=\"s5\">a, trotz <\/span><span class=\"s5\">der Sch\u00e4den<\/span><span class=\"s5\">  die durch die Pandemie ausgel\u00f6st wurde. In den letzten Jahren hat sich der rasante Aufstieg der <\/span><span class=\"s5\">der elektronische Handel, der im Vergleich zum Vorjahr ein \u00fcberw\u00e4ltigendes Wachstum von 300 % verzeichnete<\/span><span class=\"s5\">.<\/span><\/p>&#13;\n<p class=\"s3\"><strong><span class=\"s2\">2.<\/span> <span class=\"s2\">Wie hoch ist derzeit Ihr Exportanteil? Wie ist er aufgeschl\u00fcsselt? In wie vielen L\u00e4ndern sind Sie vertreten?  <\/span><\/strong><\/p>&#13;\n<p class=\"s3\"><span class=\"s5\">Unser Unternehmen hat immer <\/span><span class=\"s5\">schon immer ein gro\u00dfes Augenmerk auf ausl\u00e4ndische M\u00e4rkte gelegt<\/span><span class=\"s5\">so sehr, dass wir in der Lage sind, unsere Weine in den Regalen von 82 <\/span><span class=\"s5\">P<\/span><span class=\"s5\">L\u00e4ndern der Welt. In den letzten Jahren haben wir uns einen Namen gemacht   <\/span><span class=\"s5\">solide<\/span> <span class=\"s5\">eine solide Pr\u00e4senz in einigen der wichtigsten Quadranten der Welt wie Deutschland, dem Vereinigten K\u00f6nigreich, China und den Vereinigten Staaten<\/span><span class=\"s5\">. <\/span><span class=\"s5\">Derzeit stammen 65 % unserer Einnahmen aus dem Ausland, <\/span><span class=\"s5\">83% unseres Umsatzes stammen aus den <\/span><span class=\"s5\">gro\u00dfen <\/span><span class=\"s5\">distr<\/span><span class=\"s5\">ib<\/span><span class=\"s5\">vertrieb<\/span><span class=\"s6\">. <\/span> <\/p>&#13;\n<p class=\"s3\"><strong><span class=\"s2\">3.<\/span> <span class=\"s2\">2020 war ein schwieriges Jahr. Wie war es f\u00fcr Sie? <\/span><\/strong><\/p>&#13;\n<p class=\"s3\"><span class=\"s5\">Trotz der unruhigen Lage in der <\/span><span class=\"s5\">P<\/span><span class=\"s5\">m Jahr 2020 ist unser Umsatz im Vergleich zum Vorjahr um stolze 6,5 % gestiegen. Insgesamt war es ein Jahr des \u00dcbergangs, das von bedeutenden Investitionen gepr\u00e4gt war, wie der Einweihung des neuen Produktionsstandorts in Casole d&#8217;Elsa, mit einem <\/span><span class=\"s5\">auf Kosten von <\/span><span class=\"s5\">d<\/span><span class=\"s5\">i <\/span><span class=\"s5\">13 Millionen. <\/span> <\/p>&#13;\n<p class=\"s3\"><strong><span class=\"s2\">4.<\/span> <span class=\"s2\">Was sind <\/span><span class=\"s2\">die Trends, die sich herauskristallisiert haben<\/span><span class=\"s2\">  (einige Beispiele: Verkauf der teuersten Weine und Rotweine; \u00f6kologischer Landbau; elektronischer Handel; Bejahung der   <\/span><span class=\"s2\">Marke<\/span><span class=\"s2\"> beliebteste Marken; direkter Kontakt mit dem Verbraucher; mehr&#8230;)<\/span><\/strong><\/p>&#13;\n<p class=\"s3\"><span class=\"s5\">Die Ausbreitung der Pandemie von<\/span><span class=\"s5\"> Covid-19-Pandemie hat <\/span><span class=\"s5\">ver\u00e4ndert<\/span><span class=\"s5\"> die Karten auf dem Tisch<\/span><span class=\"s5\">aber wir haben es verstanden, nicht unvorbereitet zu sein. <\/span><span class=\"s5\">Als Reaktion auf die Schlie\u00dfungen im Gastst\u00e4ttengewerbe haben wir einige unserer Premiummarken in die Superm\u00e4rkte gebracht, damit die Verbraucher auch bei Tisch von der gleichen Qualit\u00e4t profitieren k\u00f6nnen <\/span><span class=\"s5\">von denen<\/span><span class=\"s5\">  die man fr\u00fcher nur in einem Restaurant genie\u00dfen konnte. Dar\u00fcber hinaus,   <\/span><span class=\"s5\">Der unvermeidliche R\u00fcckzug des HoReCa-Sektors wurde durch den Anstieg der E-Commerce-Ums\u00e4tze kompensiert.  <\/span><\/p>&#13;\n<p class=\"s3\"><strong><span class=\"s2\">5.<\/span> <span class=\"s2\">Was hat dich das Jahr 2020 gelehrt?<\/span><\/strong><\/p>&#13;\n<p class=\"s3\"><span class=\"s5\">2020 erinnerte uns<\/span><span class=\"s5\"> erinnerte<\/span><span class=\"s5\"> dass <\/span><span class=\"s5\">selbst <\/span><span class=\"s5\">in den dunkelsten Momenten<\/span><span class=\"s5\"> unser Land immer auf einen unsch\u00e4tzbaren Reichtum z\u00e4hlen kann: die au\u00dfergew\u00f6hnliche Sch\u00f6nheit, die die Welt inter<\/span><span class=\"s5\">o <\/span> <span class=\"s5\">beneidet uns. Wir sind das Land, das \u00fcber Jahrhunderte hinweg Meisterwerke geschaffen hat, die heute mehr denn je unser Handeln inspirieren und unseren Neubeginn leiten m\u00fcssen. Sch\u00f6nheit vermitteln und sich mit noch mehr Entschlossenheit auf Exzellenz konzentrieren, das ist die Lehre, die uns geblieben ist  <\/span><span class=\"s5\">  im vergangenen Jahr.<\/span><\/p>&#13;\n<p class=\"s3\"><strong><span class=\"s2\">6<\/span><span class=\"s2\">.<\/span> <span class=\"s2\">Zu welchen Ver\u00e4nderungen in Ihrem Gesch\u00e4ftsmodell waren Sie dadurch gezwungen?<\/span><\/strong><\/p>&#13;\n<p class=\"s3\"><span class=\"s5\">Die Pandemie hat aus Messen und Veranstaltungen verbrannte Erde gemacht und uns dazu gebracht, uns mehr auf interne Angelegenheiten zu konzentrieren. Wir haben einen Weg eingeschlagen, der uns sehr am Herzen liegt, n\u00e4mlich den der Nachhaltigkeit auf sozialer, \u00f6kologischer und wirtschaftlicher Ebene. Dar\u00fcber hinaus hat uns das Jahr 2020 in die Lage versetzt, uns weiter auf unsere Kunden einzustellen und die Instrumente der digitalen Kommunikation zu verbessern.  <\/span><span class=\"s5\">.<\/span><\/p>&#13;\n<p class=\"s3\"><strong><span class=\"s2\">7.<\/span> <span class=\"s2\">Wie stellen Sie sich das Jahr 2021 f\u00fcr sich vor?<\/span><\/strong><\/p>&#13;\n<p class=\"s3\"><span class=\"s5\">Vorhersagen machen<\/span><span class=\"s5\">i<\/span><span class=\"s5\"> sicher und pr\u00e4zise zu machen, ist fast unm\u00f6glich, da die meisten Sektoren auch heute noch den Launen des Virus unterworfen sind. <\/span><span class=\"s5\">Ich hoffe jedoch, dass der Staat bald in der Lage sein wird <\/span><span class=\"s5\">binden.<\/span><span class=\"s5\">, <\/span><span class=\"s5\">gemeinsam mit den Unternehmen<\/span><span class=\"s5\">a<\/span><span class=\"s5\">ie Strategie des Neubeginns konzentriert sich auf die Schaffung von Wohlstand, um die Kaufkraft der italienischen Familien wiederherzustellen. Was uns betrifft, so haben wir seit einiger Zeit beschlossen, uns auf eine Kreislaufwirtschaft zu konzentrieren, die vom Schutz der Umwelt und dem Wohlergehen des Einzelnen ausgeht und ihren Schwerpunkt in der Lebensqualit\u00e4t findet. <\/span><\/p>&#13;\n<p class=\"s3\"><strong><span class=\"s2\">8.<\/span> <span class=\"s2\">Wie steht es mit der Welt des toskanischen Weins?<\/span><\/strong><\/p>&#13;\n<p class=\"s3\"><span class=\"s5\">F\u00fcr 2021 erwarten wir eine Erholung der Preise und Mengen im Vergleich zu 2020. Die Pandemie hat das Gastst\u00e4ttengewerbe und den Tourismus hart getroffen, die die wichtigsten Absatzkan\u00e4le f\u00fcr die edlen toskanischen Weine darstellen. F\u00fcr 2021 erwarten wir daher eine Erholung in Verbindung mit guten    <\/span><span class=\"s5\">Leistung<\/span><span class=\"s5\"> des organisierten Gro\u00dfhandels, des Online-Vertriebs und der Leistung der letzten Ernte, die durch eine Steigerung der Qualit\u00e4t auf Kosten der Quantit\u00e4t gekennzeichnet war.<\/span><\/p>&#13;\n<p class=\"s3\"><strong><span class=\"s2\">9.<\/span> <span class=\"s2\">Welche Vorhersagen m\u00f6chten Sie f\u00fcr die toskanische Weinwelt in der Zukunft machen?<\/span><\/strong><\/p>&#13;\n<p class=\"s3\"><span class=\"s5\">Der toskanische Wein wird auf eine harte Probe gestellt: Er muss die Kraft aufbringen, sein Image in Bezug auf Verpackung, Kommunikation und Stil zu erneuern, um den neuen Anforderungen des Verbrauchers gerecht zu werden.<\/span><\/p>&#13;\n<p class=\"s3\"><strong><span class=\"s2\">10.<\/span> <span class=\"s2\">Welche L\u00e4nder werden Ihrer Meinung nach im Jahr 2021 am besten exportieren (mit denen Sie am zufriedenstellendsten arbeiten k\u00f6nnen)?<\/span><\/strong><\/p>&#13;\n<p class=\"s3\"><span class=\"s5\">Leider gibt es noch keine Anzeichen f\u00fcr ein Abklingen der Pandemie, weshalb wir auf die angels\u00e4chsischen L\u00e4nder setzen, allen voran Gro\u00dfbritannien. Auch Deutschland k\u00f6nnte f\u00fcr angenehme \u00dcberraschungen sorgen, ebenso wie die L\u00e4nder, die schon immer eine hohe Bereitschaft zum Online-Shopping gezeigt haben, wie die Niederlande. Wir rechnen auch mit einem deutlichen Aufschwung in China.  <\/span><\/p>&#13;\n<p class=\"s3\"><strong><span class=\"s2\">11.<\/span> <span class=\"s2\">Welche Rolle spielt die Digitalisierung in Ihrem Unternehmen und wie sehen Sie sie in Zukunft?<\/span><\/strong><\/p>&#13;\n<p class=\"s3\"><span class=\"s5\">Das vergangene Jahr hat eine entscheidende Etappe auf dem Weg der digitalen Revolution markiert,<\/span><span class=\"s5\">  mit Veranstaltungen und Shows, die in der ungew\u00f6hnlichen Umgebung eines Bildschirms stattfanden. Um eine gr\u00f6\u00dfere N\u00e4he zu unseren Kunden zu erreichen, haben wir au\u00dferdem unsere digitalen Kommunikationsmittel verst\u00e4rkt, von sozialen Initiativen bis hin zur Verbesserung des Newsletters.   <\/span><span class=\"s5\">Wir sind immer an vorderster Front dabei, wenn es um Innovation geht, und haben <\/span><span class=\"s5\">Wir haben uns sofort auf diese neue Herausforderung eingestellt, denn wir wissen, dass die Digitalisierung in den kommenden Jahren unser t\u00e4gliches Brot sein wird.<\/span><\/p>&#13;\n<p class=\"s3\"><strong><span class=\"s2\">12.<\/span><span class=\"s2\"> Wie hoch ist Ihr vorl\u00e4ufiger Umsatz f\u00fcr 2020?<\/span><\/strong><\/p>&#13;\n<p class=\"s3\"><span class=\"s5\">Die Daten liegen vor, <\/span><span class=\"s5\">Sch\u00e4tzungen gehen davon aus, dass wir das Jahr 2020 mit einem Umsatz vor der Konsolidierung von fast 65 Millionen Euro abschlie\u00dfen werden.<\/span><\/p>&#13;\n","protected":false},"excerpt":{"rendered":"<p>&#13; In einer Zeit gro\u00dfer Ver\u00e4nderungen ist es unserem Unternehmen gelungen, sich anzupassen und neue Chancen zu ergreifen, seine Pr\u00e4senz auf den globalen M\u00e4rkten zu st\u00e4rken und in Innovation und Nachhaltigkeit zu investieren. Zwischen schnell wachsendem E-Commerce, konsolidierten Exporten und immer raffinierteren digitalen Strategien setzen wir unseren Entwicklungsweg entschlossen fort und stellen uns den Herausforderungen [&hellip;]<\/p>\n","protected":false},"author":1,"featured_media":30252,"comment_status":"closed","ping_status":"closed","sticky":false,"template":"","format":"standard","meta":{"_acf_changed":false,"footnotes":""},"categories":[219,220],"tags":[],"class_list":["post-32015","post","type-post","status-publish","format-standard","has-post-thumbnail","hentry","category-blog-de","category-familie-piccini"],"acf":[],"_links":{"self":[{"href":"https:\/\/www.piccini1882.it\/de\/wp-json\/wp\/v2\/posts\/32015","targetHints":{"allow":["GET"]}}],"collection":[{"href":"https:\/\/www.piccini1882.it\/de\/wp-json\/wp\/v2\/posts"}],"about":[{"href":"https:\/\/www.piccini1882.it\/de\/wp-json\/wp\/v2\/types\/post"}],"author":[{"embeddable":true,"href":"https:\/\/www.piccini1882.it\/de\/wp-json\/wp\/v2\/users\/1"}],"replies":[{"embeddable":true,"href":"https:\/\/www.piccini1882.it\/de\/wp-json\/wp\/v2\/comments?post=32015"}],"version-history":[{"count":1,"href":"https:\/\/www.piccini1882.it\/de\/wp-json\/wp\/v2\/posts\/32015\/revisions"}],"predecessor-version":[{"id":32017,"href":"https:\/\/www.piccini1882.it\/de\/wp-json\/wp\/v2\/posts\/32015\/revisions\/32017"}],"wp:featuredmedia":[{"embeddable":true,"href":"https:\/\/www.piccini1882.it\/de\/wp-json\/wp\/v2\/media\/30252"}],"wp:attachment":[{"href":"https:\/\/www.piccini1882.it\/de\/wp-json\/wp\/v2\/media?parent=32015"}],"wp:term":[{"taxonomy":"category","embeddable":true,"href":"https:\/\/www.piccini1882.it\/de\/wp-json\/wp\/v2\/categories?post=32015"},{"taxonomy":"post_tag","embeddable":true,"href":"https:\/\/www.piccini1882.it\/de\/wp-json\/wp\/v2\/tags?post=32015"}],"curies":[{"name":"wp","href":"https:\/\/api.w.org\/{rel}","templated":true}]}}