{"id":32302,"date":"2022-06-10T13:42:14","date_gmt":"2022-06-10T11:42:14","guid":{"rendered":"https:\/\/www.piccini1882.it\/michelangelo-piccini-visionen-nachhaltigkeit-und-die-zukunft-von-familienunternehmen\/"},"modified":"2022-06-10T13:42:14","modified_gmt":"2022-06-10T11:42:14","slug":"michelangelo-piccini-visionen-nachhaltigkeit-und-die-zukunft-von-familienunternehmen","status":"publish","type":"post","link":"https:\/\/www.piccini1882.it\/de\/blog\/2022\/06\/10\/michelangelo-piccini-visionen-nachhaltigkeit-und-die-zukunft-von-familienunternehmen\/","title":{"rendered":"Michelangelo Piccini: Visionen, Nachhaltigkeit und die Zukunft von Familienunternehmen"},"content":{"rendered":"<div class=\"flex-1 grow basis-auto overflow-hidden @container\/thread\">\n<div class=\"relative h-full\">\n<div class=\"flex h-full flex-col overflow-y-auto [scrollbar-gutter:stable]\">\n<div class=\"flex flex-col text-sm md:pb-9\">\n<article class=\"w-full text-token-text-primary focus-visible:outline-2 focus-visible:outline-offset-[-4px]\" dir=\"auto\" data-testid=\"conversation-turn-3\" data-scroll-anchor=\"true\">\n<div class=\"text-base my-auto mx-auto py-[18px] px-6\">\n<div class=\"mx-auto flex flex-1 text-base gap-4 md:gap-5 lg:gap-6 md:max-w-3xl lg:max-w-[40rem] xl:max-w-[48rem]\">\n<div class=\"group\/conversation-turn relative flex w-full min-w-0 flex-col agent-turn @xs\/thread:px-0 @sm\/thread:px-1.5 @md\/thread:px-4\">\n<div class=\"flex-col gap-1 md:gap-3\">\n<div class=\"flex max-w-full flex-col flex-grow\">\n<div class=\"min-h-8 text-message relative flex w-full flex-col items-end gap-2 whitespace-normal break-words text-start [.text-message+&amp;]:mt-5\" dir=\"auto\" data-message-author-role=\"assistant\" data-message-id=\"7a435d52-a102-42b3-985c-a34fe3e1e2d8\" data-message-model-slug=\"gpt-4o-mini\">\n<div class=\"flex w-full flex-col gap-1 empty:hidden first:pt-[3px]\">\n<div class=\"markdown prose w-full break-words dark:prose-invert dark\">\n<div class=\"flex max-w-full flex-col flex-grow\">\n<div class=\"min-h-8 text-message relative flex w-full flex-col items-end gap-2 whitespace-normal break-words text-start [.text-message+&amp;]:mt-5\" dir=\"auto\" data-message-author-role=\"assistant\" data-message-id=\"d6422778-3c22-4ce8-b823-57db13510d3a\" data-message-model-slug=\"gpt-4o-mini\">\n<div class=\"flex w-full flex-col gap-1 empty:hidden first:pt-[3px]\">\n<div class=\"markdown prose w-full break-words dark:prose-invert dark\">\n<div class=\"flex max-w-full flex-col flex-grow\">\n<div class=\"min-h-8 text-message relative flex w-full flex-col items-end gap-2 whitespace-normal break-words text-start [.text-message+&amp;]:mt-5\" dir=\"auto\" data-message-author-role=\"assistant\" data-message-id=\"4d2f3bfd-f19f-463e-aa29-e37ca09a2d70\" data-message-model-slug=\"gpt-4o-mini\">\n<div class=\"flex w-full flex-col gap-1 empty:hidden first:pt-[3px]\">\n<div class=\"markdown prose w-full break-words dark:prose-invert dark\">\n<p data-start=\"91\" data-end=\"878\" data-is-last-node=\"\" data-is-only-node=\"\">Michelangelo Piccini spricht \u00fcber die Zukunft des Unternehmens mit Schwerpunkt auf Investitionen in die Landwirtschaft und die Traubenverarbeitung. Die Familie Piccini zeichnet sich durch Dynamik und kontinuierliche Reinvestitionen aus. Kurzfristig wird sich das Unternehmen weiterhin auf die \u00f6kologische und soziale Nachhaltigkeit konzentrieren und seine Pr\u00e4senz auf den internationalen M\u00e4rkten verst\u00e4rken. Die Exporte, die 68 % des Umsatzes ausmachen, sind f\u00fcr die Bilanz von entscheidender Bedeutung. Die neue Generation f\u00fchrt das Familienerbe mit einer zukunftsorientierten Vision weiter, ohne dabei den Wert der Tradition zu vergessen. Die gr\u00f6\u00dften Herausforderungen waren die Kommunikation und die Umstellung der Produktionsprozesse nach der Pandemie, wobei der Schwerpunkt auf den steigenden Materialkosten lag.     <\/p>\n<p class=\"s3\"><strong><span class=\"s2\">Welche Verm\u00f6genswerte beabsichtigt das Unternehmen in naher Zukunft zu entwickeln?<\/span><\/strong><\/p>\n<p class=\"s3\"><span class=\"s2\">Die mittelfristige Vision sieht einen relativen Anstieg der Investitionen vor <\/span><span class=\"s2\">auf<\/span><span class=\"s2\">  Landwirtschaft und der Traubenverarbeitungsstufen. Ich denke, es ist wichtig, dass wir bei unseren Gesch\u00e4ftsprozessen immer im Hinterkopf behalten, dass   <\/span><span class=\"s2\">die Wurzeln unserer Arbeit liegen in der Erde<\/span><span class=\"s2\">. Die St\u00e4rkung dieses Aspekts bedeutet also, dass wir uns wieder mit dem<\/span><span class=\"s2\">Das Rohmaterial unserer Arbeit, n\u00e4mlich der Weinstock und seine Fr\u00fcchte.<\/span><\/p>\n<p class=\"s3\"><strong><span class=\"s2\">Wie wird die Familie Piccini im wirtschaftlichen Kontext charakterisiert?<\/span><\/strong><\/p>\n<p class=\"s3\"><span class=\"s2\">Seit f\u00fcnf Generationen haben wir Dynamik zu unserem Markenzeichen gemacht. Um unsere Projekte zu finanzieren und unsere Visionen zu verwirklichen, ist es nat\u00fcrlich notwendig, st\u00e4ndig zu reinvestieren, um die Entwicklung des Unternehmens zu unterst\u00fctzen. <\/span><\/p>\n<p class=\"s3\"><strong><span class=\"s2\">Sehen Sie konkrete Ziele vor, die kurzfristig erreicht werden sollen?<\/span><\/strong><\/p>\n<p class=\"s3\"><span class=\"s2\">In unmittelbarer Zukunft werden wir den bereits eingeschlagenen Weg in Bezug auf \u00f6kologische und soziale Nachhaltigkeit weitergehen. Dieses Engagement wird mit dem Wunsch einhergehen, unser Verkaufspersonal in der Region zu verst\u00e4rken, und wir werden weiterhin an Weinmessen und Veranstaltungen teilnehmen. <\/span><\/p>\n<p class=\"s3\"><strong><span class=\"s2\">Welche Strategien sollten gew\u00e4hlt werden, um das Unternehmen auf den internationalen M\u00e4rkten zu entwickeln und das Gesch\u00e4ft nach der Covid-19-Pandemie wieder anzukurbeln?<\/span><\/strong><\/p>\n<p class=\"s3\"><span class=\"s2\">Die Folgen der Verbreitung von Covid-19 haben die Spielregeln ver\u00e4ndert.<\/span><span class=\"s2\">  Zweifellos war die Pandemie eine der h\u00e4rtesten Pr\u00fcfungen in der j\u00fcngeren Geschichte unseres Unternehmens; dennoch haben wir sie \u00fcberstanden, indem wir mit Flexibilit\u00e4t und Planung auf die Widrigkeiten reagiert haben.  <\/span><\/p>\n<p class=\"s3\"><span class=\"s2\">Wir sind bereits auf zahlreichen ausl\u00e4ndischen M\u00e4rkten pr\u00e4sent<\/span><span class=\"s2\">konzentriert sich unsere Strategie auf die Entwicklung neuer Produkte, <\/span> <span class=\"s2\">auf den wichtigsten Vertriebswegen, die w\u00e4hrend der Pandemie entstanden sind, platziert werden. Dies ist zum Beispiel der Fall bei unserer Linie &#8220;Costa Toscana&#8221;, die   <\/span><span class=\"s2\">haupts\u00e4chlich <\/span><span class=\"s2\">f\u00fcr den Online-Sektor<\/span><span class=\"s2\">ein Kanal, der in den letzten Jahren einen betr\u00e4chtlichen Anstieg der Verkaufszahlen erfahren hat. <\/span> <\/p>\n<p class=\"s3\"><span class=\"s2\">Der wesentliche Ausgangspunkt ist das Markenimage und das Werteuniversum, das es in den K\u00f6pfen der Verbraucher hervorruft. <\/span><span class=\"s2\">Au\u00dferdem haben wir uns in den letzten Jahren f\u00fcr die Sache des<\/span><span class=\"s2\">der \u00f6kologischen Landwirtschaft, die die Erde respektiert. <\/span><span class=\"s2\">A<\/span><span class=\"s2\">heute, <\/span><span class=\"s2\">Verbraucher <\/span><span class=\"s2\">haben<\/span><span class=\"s2\">ein starkes soziales und \u00f6kologisches Bewusstsein entwickelt, wobei der Schwerpunkt auf \u00f6kologisch nachhaltigen Themen liegt. Unsere Verpflichtung ist in diesem Fall eine doppelte: ein Produkt zu garantieren, das den neuen Anforderungen des Marktes entspricht und gleichzeitig <\/span> <span class=\"s2\"> l<\/span><span class=\"s2\">die Umweltauswirkungen so weit wie m\u00f6glich zu imitieren.<\/span><\/p>\n<p class=\"s3\"><strong><span class=\"s2\">  Welche kritischen Fragen sind zu kl\u00e4ren?<\/span><\/strong><\/p>\n<p class=\"s3\"><span class=\"s2\">Offensichtlich ist dies ein Weg, der eine<\/span><span class=\"s2\">a<\/span><span class=\"s2\">  auf dem Weg dorthin Stolpersteine. Zun\u00e4chst ist es wichtig, die neuen Bed\u00fcrfnisse unserer Verbraucher und die durch die Pandemie ver\u00e4nderten Gewohnheiten zu verstehen und zu erkennen.   <\/span><span class=\"s2\">Die Verbreitung von Covid-19 hat uns auch dazu veranlasst, \u00fcber den Tellerrand hinauszublicken und die Vertriebskan\u00e4le, \u00fcber die wir den Verbraucher erreichen, noch st\u00e4rker zu diversifizieren.  <\/span><\/p>\n<p class=\"s3\"><span class=\"s2\">Wie auch immer, und hier leihe ich mir einige Worte meines Vaters, die <\/span><span class=\"s2\">teilen<\/span><span class=\"s2\">  Wir m\u00fcssen uns immer wieder vor Augen f\u00fchren, dass es gerade in Krisenzeiten die Menschen sind, die den Unterschied machen. Deshalb glauben wir, dass es auch in einer alles andere als rosigen Zeit, wie wir sie gerade erlebt haben, entscheidend ist, dass   <\/span><span class=\"s2\">Investitionen in Humanressourcen<\/span><span class=\"s2\">. <\/span> <\/p>\n<p class=\"s3\"><strong><span class=\"s2\">Inwieweit wirken sich die Ausfuhren auf die Bilanz aus?<\/span><\/strong><\/p>\n<p class=\"s3\"><span class=\"s2\">Wir haben das Jahr 2021 mit einem Umsatz von ca. 100 Millionen abgeschlossen, wovon 68% auf <\/span><span class=\"s2\">erwirtschaftet<\/span> <span class=\"s2\">durch Exporte<\/span> <span class=\"s2\">die au\u00dferhalb<\/span> <span class=\"s2\">Landesgrenzen.<\/span><\/p>\n<p class=\"s3\"><strong><span class=\"s2\">Welche Rolle spielen die jungen Nachkommen beim Wachstum des Familienunternehmens?<\/span><\/strong><\/p>\n<p class=\"s3\"><span class=\"s2\">Dieses Erbe zu erhalten, ist zweifellos ein Anreiz, aber auch eine gro\u00dfe Verantwortung<\/span><span class=\"s2\">. O<\/span><span class=\"s2\">Jede Generation hat im Laufe der Zeit ihre Spuren, ihr Markenzeichen hinterlassen.  <\/span><span class=\"s2\">Ich und meine Schwestern<\/span><span class=\"s2\">wir haben uns auf Zehenspitzen herangeschlichen, aber wir haben die feste Absicht, unsere Spuren zu hinterlassen, so wie es unsere Vorfahren vor uns getan haben. Denn, wie wir immer sagen, bei Piccini blicken wir aus Tradition nach vorn <\/span><span class=\"s2\">.  <\/span><\/p>\n<p class=\"s3\"><span class=\"s2\">Unsere neuen Perspektiven, kombiniert mit der Erfahrung unseres Vaters <\/span><span class=\"s2\">stellen ein entscheidendes Sprungbrett f\u00fcr die Zukunft unseres Unternehmens dar. <\/span><span class=\"s2\">L<\/span><span class=\"s2\">as Erfolgsrezept der Piccini liegt genau in dieser Dynamik: Wir h\u00f6ren auf die Vergangenheit, um unsere Zukunft zu gestalten. Jede Generation unserer Familie hat immer die Lektionen der Vergangenheit gesch\u00e4tzt und gleichzeitig unabh\u00e4ngig neue Wege eingeschlagen.   <\/span><\/p>\n<p class=\"s3\"><strong><span class=\"s2\">Die wichtigsten Herausforderungen des Generationswechsels?  <\/span><\/strong><\/p>\n<p class=\"s3\"><span class=\"s2\">Eine der ersten Herausforderungen, mit denen wir bei unserem Eintritt in das Unternehmen konfrontiert wurden, betraf den Aspekt der Kommunikation. Es war notwendig, das gesamte Kommunikationssystem zu \u00fcberdenken und dabei auch die neuen Horizonte zu ber\u00fccksichtigen, die die digitale Welt er\u00f6ffnet.   <\/span><span class=\"s2\">Auf der Welle dieser Erneuerung <\/span><span class=\"s2\">ging er in die ersten Tage des Jahres 2021, <\/span> <span class=\"s2\">das eindrucksvolle Rebranding unserer Weingruppe. &#8220;Tenute Piccini&#8221; hat sein Aussehen ver\u00e4ndert <\/span> <span class=\"s2\"> unter <\/span><span class=\"s2\">Piccini 1882&#8243;, unsere neue Muttergesellschaft, die die vielen Seelen des Unternehmens vereint.<\/span><\/p>\n<p class=\"s3\"><strong><span class=\"s2\">  Wie werden die Komplexit\u00e4ten bei der Kontinuit\u00e4t innerhalb der Generation gehandhabt?<\/span><\/strong><\/p>\n<p class=\"s3\"><span class=\"s2\">Gl\u00fccklicherweise wurde ich nicht mit derartigen Schwierigkeiten konfrontiert. Der einzige anf\u00e4ngliche Stolperstein &#8211; den ich jedoch eher als Ansporn denn als Schwierigkeit empfand &#8211; war die Tatsache, dass   <\/span><span class=\"s2\">Glaubw\u00fcrdigkeit in den Augen meiner Kollegen aufzubauen und ihr Vertrauen zu gewinnen.  <\/span><\/p>\n<p class=\"s3\"><strong><span class=\"s2\">  Wie sehen die Zukunftspl\u00e4ne des Unternehmens aus?<\/span><\/strong><\/p>\n<p class=\"s3\"><span class=\"s2\">Unsere Vision war schon immer klar: Wir wollen der authentischste und erkennbarste Botschafter des italienischen Weins sein. <\/span><span class=\"s2\">F\u00fcr die unmittelbare Zukunft sieht unser Fahrplan Folgendes vor<\/span><span class=\"s2\">daher, <\/span><span class=\"s2\">den Erwerb und die Verwaltung weiterer Weinberge<\/span><span class=\"s2\">um jeden Winkel der italienischen Exzellenz vertreten und verbreiten zu k\u00f6nnen.<\/span><\/p>\n<p class=\"s3\"><strong><span class=\"s2\">Wie wirkt sich die Covid-19-Pandemie auf die Ver\u00e4nderung der Produktionsprozesse aus?<\/span><\/strong><\/p>\n<p class=\"s3\"><span class=\"s2\">Die Schocks der Pandemie hatten tiefgreifende Auswirkungen auf die Produktionsprozesse, die bis heute nachwirken.  <\/span><span class=\"s2\">Die Kosten f\u00fcr Verpackungsmaterial sind erheblich gestiegen und werden wahrscheinlich auch in Zukunft weiter steigen. Ein Gradmesser f\u00fcr diese Schwankungen sind die Stromkosten, <\/span> <span class=\"s2\">Mitschuld an dem be\u00e4ngstigenden Anstieg der Erdgaspreise, mit denen die meisten italienischen Kraftwerke betrieben werden.<\/span><\/p>\n<\/div>\n<\/div>\n<\/div>\n<\/div>\n<\/div>\n<\/div>\n<\/div>\n<\/div>\n<\/div>\n<\/div>\n<\/div>\n<\/div>\n<\/div>\n<\/div>\n<\/div>\n<\/div>\n<\/article>\n<\/div>\n<\/div>\n<\/div>\n<\/div>\n","protected":false},"excerpt":{"rendered":"<p>Michelangelo Piccini spricht \u00fcber die Zukunft des Unternehmens mit Schwerpunkt auf Investitionen in die Landwirtschaft und die Traubenverarbeitung. Die Familie Piccini zeichnet sich durch Dynamik und kontinuierliche Reinvestitionen aus. Kurzfristig wird sich das Unternehmen weiterhin auf die \u00f6kologische und soziale Nachhaltigkeit konzentrieren und seine Pr\u00e4senz auf den internationalen M\u00e4rkten verst\u00e4rken. Die Exporte, die 68 % [&hellip;]<\/p>\n","protected":false},"author":1,"featured_media":30392,"comment_status":"closed","ping_status":"closed","sticky":false,"template":"","format":"standard","meta":{"_acf_changed":false,"footnotes":""},"categories":[219,220],"tags":[],"class_list":["post-32302","post","type-post","status-publish","format-standard","has-post-thumbnail","hentry","category-blog-de","category-familie-piccini"],"acf":[],"_links":{"self":[{"href":"https:\/\/www.piccini1882.it\/de\/wp-json\/wp\/v2\/posts\/32302","targetHints":{"allow":["GET"]}}],"collection":[{"href":"https:\/\/www.piccini1882.it\/de\/wp-json\/wp\/v2\/posts"}],"about":[{"href":"https:\/\/www.piccini1882.it\/de\/wp-json\/wp\/v2\/types\/post"}],"author":[{"embeddable":true,"href":"https:\/\/www.piccini1882.it\/de\/wp-json\/wp\/v2\/users\/1"}],"replies":[{"embeddable":true,"href":"https:\/\/www.piccini1882.it\/de\/wp-json\/wp\/v2\/comments?post=32302"}],"version-history":[{"count":0,"href":"https:\/\/www.piccini1882.it\/de\/wp-json\/wp\/v2\/posts\/32302\/revisions"}],"wp:featuredmedia":[{"embeddable":true,"href":"https:\/\/www.piccini1882.it\/de\/wp-json\/wp\/v2\/media\/30392"}],"wp:attachment":[{"href":"https:\/\/www.piccini1882.it\/de\/wp-json\/wp\/v2\/media?parent=32302"}],"wp:term":[{"taxonomy":"category","embeddable":true,"href":"https:\/\/www.piccini1882.it\/de\/wp-json\/wp\/v2\/categories?post=32302"},{"taxonomy":"post_tag","embeddable":true,"href":"https:\/\/www.piccini1882.it\/de\/wp-json\/wp\/v2\/tags?post=32302"}],"curies":[{"name":"wp","href":"https:\/\/api.w.org\/{rel}","templated":true}]}}