{"id":32319,"date":"2023-01-09T10:52:34","date_gmt":"2023-01-09T09:52:34","guid":{"rendered":"https:\/\/www.piccini1882.it\/gold-collection-die-spitze-der-piccini-exzellenz\/"},"modified":"2023-01-09T10:52:34","modified_gmt":"2023-01-09T09:52:34","slug":"gold-collection-die-spitze-der-piccini-exzellenz","status":"publish","type":"post","link":"https:\/\/www.piccini1882.it\/de\/blog\/2023\/01\/09\/gold-collection-die-spitze-der-piccini-exzellenz\/","title":{"rendered":"Gold Collection: die Spitze der Piccini-Exzellenz"},"content":{"rendered":"<div class=\"flex-1 grow basis-auto overflow-hidden @container\/thread\">\n<div class=\"relative h-full\">\n<div class=\"flex h-full flex-col overflow-y-auto [scrollbar-gutter:stable]\">\n<div class=\"flex flex-col text-sm md:pb-9\">\n<article class=\"w-full text-token-text-primary focus-visible:outline-2 focus-visible:outline-offset-[-4px]\" dir=\"auto\" data-testid=\"conversation-turn-3\" data-scroll-anchor=\"true\">\n<div class=\"text-base my-auto mx-auto py-[18px] px-6\">\n<div class=\"mx-auto flex flex-1 text-base gap-4 md:gap-5 lg:gap-6 md:max-w-3xl lg:max-w-[40rem] xl:max-w-[48rem]\">\n<div class=\"group\/conversation-turn relative flex w-full min-w-0 flex-col agent-turn @xs\/thread:px-0 @sm\/thread:px-1.5 @md\/thread:px-4\">\n<div class=\"flex-col gap-1 md:gap-3\">\n<div class=\"flex max-w-full flex-col flex-grow\">\n<div class=\"min-h-8 text-message relative flex w-full flex-col items-end gap-2 whitespace-normal break-words text-start [.text-message+&amp;]:mt-5\" dir=\"auto\" data-message-author-role=\"assistant\" data-message-id=\"7a435d52-a102-42b3-985c-a34fe3e1e2d8\" data-message-model-slug=\"gpt-4o-mini\">\n<div class=\"flex w-full flex-col gap-1 empty:hidden first:pt-[3px]\">\n<div class=\"markdown prose w-full break-words dark:prose-invert dark\">\n<div class=\"flex max-w-full flex-col flex-grow\">\n<div class=\"min-h-8 text-message relative flex w-full flex-col items-end gap-2 whitespace-normal break-words text-start [.text-message+&amp;]:mt-5\" dir=\"auto\" data-message-author-role=\"assistant\" data-message-id=\"d6422778-3c22-4ce8-b823-57db13510d3a\" data-message-model-slug=\"gpt-4o-mini\">\n<div class=\"flex w-full flex-col gap-1 empty:hidden first:pt-[3px]\">\n<div class=\"markdown prose w-full break-words dark:prose-invert dark\">\n<div class=\"flex max-w-full flex-col flex-grow\">\n<div class=\"min-h-8 text-message relative flex w-full flex-col items-end gap-2 whitespace-normal break-words text-start [.text-message+&amp;]:mt-5\" dir=\"auto\" data-message-author-role=\"assistant\" data-message-id=\"4d2f3bfd-f19f-463e-aa29-e37ca09a2d70\" data-message-model-slug=\"gpt-4o-mini\">\n<div class=\"flex w-full flex-col gap-1 empty:hidden first:pt-[3px]\">\n<div class=\"markdown prose w-full break-words dark:prose-invert dark\">\n<div class=\"flex max-w-full flex-col flex-grow\">\n<div class=\"min-h-8 text-message relative flex w-full flex-col items-end gap-2 whitespace-normal break-words text-start [.text-message+&amp;]:mt-5\" dir=\"auto\" data-message-author-role=\"assistant\" data-message-id=\"7a6021b4-fd42-4ac2-999d-0d6d6d93e206\" data-message-model-slug=\"gpt-4o\">\n<div class=\"flex w-full flex-col gap-1 empty:hidden first:pt-[3px]\">\n<div class=\"markdown prose w-full break-words dark:prose-invert dark\">\n<p class=\"s3\"><span class=\"s2\">Leidenschaft, K\u00fchnheit und Dynamik. Mit diesen Eigenschaften ist Piccini seit mehr als einem Jahrhundert ein f\u00fchrender Akteur in der italienischen Weinszene, im Namen des territorialen Ausdrucks. Die Gruppe, die von Mario Piccini geleitet wird, hat den Ehrgeiz immer zum Ma\u00dfstab und die Familie zur Identit\u00e4t gemacht. In \u00fcber 140 Jahren und f\u00fcnf Generationen ist das Ziel klar geblieben: das italienische Erbe durch seine besten Weine aufzuwerten.   <\/span><\/p>\n<p class=\"s3\"><span class=\"s2\">Im Laufe seiner Geschichte ist Piccini tief mit seinen toskanischen Wurzeln verwurzelt geblieben. Mitten im Herzen des Chianti-Gebietes liegt das Flaggschiff des Unternehmens: die &#8220;Collezione Oro&#8221;, die die besten italienischen Bezeichnungen unter einer Flagge vereint. Mario Piccini f\u00fchrte diese Linie ein, um die Marke auf dem italienischen Markt wiederzubeleben, und zeichnete damit eine Reise nach, die in den toskanischen H\u00fcgeln begann:  <\/span><\/p>\n<p class=\"s3\"><span class=\"s4\">&#8220;Collezione Oro&#8221;, erkl\u00e4rt Mario Piccini, &#8220;wurde in einem entscheidenden Moment f\u00fcr uns geboren. Nachdem wir die internationalen M\u00e4rkte erobert hatten, war es an der Zeit, uns auch im Inland einen Namen zu machen. Auf der Grundlage unserer Erfahrungen im Ausland haben wir uns schnell an die ver\u00e4nderten Bed\u00fcrfnisse des Marktes angepasst. Unsere Intuition hat sich ausgezahlt: Dank des perfekten Gleichgewichts zwischen Qualit\u00e4t und kommerzieller Attraktivit\u00e4t konnte unsere Weinlinie in kurzer Zeit das Vertrauen der Verbraucher gewinnen.<\/span><\/p>\n<p class=\"s3\"><span class=\"s2\">Jedes Jahr kommen mehr als 2 Millionen Flaschen der &#8220;Collezione Oro&#8221; auf die italienischen Tische, unter denen der Chianti Riserva hervorsticht. So ist diese Linie zu einer Ikone f\u00fcr Piccini geworden, genau wie der ber\u00fchmte Chianti Orange. <\/span><\/p>\n<p class=\"s3\"><span class=\"s4\">&#8220;Der Erfolg von Collezione Oro&#8221;, betont Mario Piccini, &#8220;liegt in unserer Mission begr\u00fcndet: Qualit\u00e4t f\u00fcr alle durch ein zug\u00e4ngliches Produkt.<\/span><\/p>\n<p class=\"s3\"><span class=\"s2\">Das Engagement der Familie Piccini f\u00fcr ihr Land h\u00f6rt damit aber nicht auf. Bald werden sie n\u00e4mlich ein neues Etich <\/span><\/p>\n<\/div>\n<\/div>\n<\/div>\n<\/div>\n<\/div>\n<\/div>\n<\/div>\n<\/div>\n<\/div>\n<\/div>\n<\/div>\n<\/div>\n<\/div>\n<\/div>\n<\/div>\n<\/div>\n<\/div>\n<\/div>\n<\/div>\n<\/div>\n<\/article>\n<\/div>\n<\/div>\n<\/div>\n<\/div>\n","protected":false},"excerpt":{"rendered":"<p>Leidenschaft, K\u00fchnheit und Dynamik. Mit diesen Eigenschaften ist Piccini seit mehr als einem Jahrhundert ein f\u00fchrender Akteur in der italienischen Weinszene, im Namen des territorialen Ausdrucks. Die Gruppe, die von Mario Piccini geleitet wird, hat den Ehrgeiz immer zum Ma\u00dfstab und die Familie zur Identit\u00e4t gemacht. In \u00fcber 140 Jahren und f\u00fcnf Generationen ist das [&hellip;]<\/p>\n","protected":false},"author":1,"featured_media":30564,"comment_status":"closed","ping_status":"closed","sticky":false,"template":"","format":"standard","meta":{"_acf_changed":false,"footnotes":""},"categories":[219,220,223],"tags":[],"class_list":["post-32319","post","type-post","status-publish","format-standard","has-post-thumbnail","hentry","category-blog-de","category-familie-piccini","category-wein-themen"],"acf":[],"_links":{"self":[{"href":"https:\/\/www.piccini1882.it\/de\/wp-json\/wp\/v2\/posts\/32319","targetHints":{"allow":["GET"]}}],"collection":[{"href":"https:\/\/www.piccini1882.it\/de\/wp-json\/wp\/v2\/posts"}],"about":[{"href":"https:\/\/www.piccini1882.it\/de\/wp-json\/wp\/v2\/types\/post"}],"author":[{"embeddable":true,"href":"https:\/\/www.piccini1882.it\/de\/wp-json\/wp\/v2\/users\/1"}],"replies":[{"embeddable":true,"href":"https:\/\/www.piccini1882.it\/de\/wp-json\/wp\/v2\/comments?post=32319"}],"version-history":[{"count":0,"href":"https:\/\/www.piccini1882.it\/de\/wp-json\/wp\/v2\/posts\/32319\/revisions"}],"wp:featuredmedia":[{"embeddable":true,"href":"https:\/\/www.piccini1882.it\/de\/wp-json\/wp\/v2\/media\/30564"}],"wp:attachment":[{"href":"https:\/\/www.piccini1882.it\/de\/wp-json\/wp\/v2\/media?parent=32319"}],"wp:term":[{"taxonomy":"category","embeddable":true,"href":"https:\/\/www.piccini1882.it\/de\/wp-json\/wp\/v2\/categories?post=32319"},{"taxonomy":"post_tag","embeddable":true,"href":"https:\/\/www.piccini1882.it\/de\/wp-json\/wp\/v2\/tags?post=32319"}],"curies":[{"name":"wp","href":"https:\/\/api.w.org\/{rel}","templated":true}]}}